{"id":11835,"date":"2021-03-04T14:25:48","date_gmt":"2021-03-04T14:25:48","guid":{"rendered":"https:\/\/arroyitoonline.com.ar\/?p=11835"},"modified":"2021-03-04T14:25:56","modified_gmt":"2021-03-04T14:25:56","slug":"conmemoraran-el-dia-de-la-mujer-este-domingo-en-la-plaza-25-de-mayo","status":"publish","type":"post","link":"https:\/\/arroyitoonline.com.ar\/?p=11835","title":{"rendered":"Conmemorar\u00e1n el D\u00eda de la Mujer, este domingo, en la Plaza 25 de Mayo"},"content":{"rendered":"\n<p><strong>El Gobierno Municipal\u00a0reconocer\u00e1 la labor y el desempe\u00f1o de mujeres destacadas de nuestra ciudad. Habr\u00e1 espect\u00e1culos en vivo.<\/strong><\/p>\n\n\n\n<p>La Secretar\u00eda de Educaci\u00f3n y Cultura y la Direcci\u00f3n de Equidad y Asistencia a la Mujer, Adolescencia, Ni\u00f1ez y Familia conmemorar\u00e1n<strong> el d\u00eda de la Mujer. Ser\u00e1 este domingo 7 de marzo, a las 21:00 horas, en la Plaza 25 de Mayo.<\/strong><\/p>\n\n\n\n<div class=\"wp-block-image\"><figure class=\"aligncenter size-large\"><img loading=\"lazy\" decoding=\"async\" width=\"1024\" height=\"1024\" src=\"https:\/\/arroyitoonline.com.ar\/wp-content\/uploads\/2021\/03\/Dia-de-la-Mujer-1024x1024.jpeg\" alt=\"\" class=\"wp-image-11837\" srcset=\"https:\/\/arroyitoonline.com.ar\/wp-content\/uploads\/2021\/03\/Dia-de-la-Mujer-1024x1024.jpeg 1024w, https:\/\/arroyitoonline.com.ar\/wp-content\/uploads\/2021\/03\/Dia-de-la-Mujer-300x300.jpeg 300w, https:\/\/arroyitoonline.com.ar\/wp-content\/uploads\/2021\/03\/Dia-de-la-Mujer-150x150.jpeg 150w, https:\/\/arroyitoonline.com.ar\/wp-content\/uploads\/2021\/03\/Dia-de-la-Mujer-768x768.jpeg 768w, https:\/\/arroyitoonline.com.ar\/wp-content\/uploads\/2021\/03\/Dia-de-la-Mujer.jpeg 1181w\" sizes=\"auto, (max-width: 1024px) 100vw, 1024px\" \/><figcaption><em>La invitaci\u00f3n es para este domingo 7, en la Plaza 25 de Mayo.<\/em><\/figcaption><\/figure><\/div>\n\n\n\n<p>En la oportunidad, el Gobierno Municipal\u00a0<strong>reconocer\u00e1 la labor y el desempe\u00f1o de mujeres destacadas de nuestra ciudad.<\/strong>\u00a0Habr\u00e1 espect\u00e1culos de danzas y m\u00fasica, para el disfrute de las familias que asistan.<\/p>\n\n\n\n<p><strong>Participar\u00e1n: la Banda Sinf\u00f3nica Municipal, el Conjunto Femenino del Ballet Municipal y la Escuela Superior de Danzas CEFA.<\/strong><\/p>\n\n\n\n<p>No te lo pierdas, ser\u00e1 una noche incre\u00edble. &nbsp;<\/p>\n","protected":false},"excerpt":{"rendered":"<p>El Gobierno Municipal\u00a0reconocer\u00e1 la labor y el desempe\u00f1o de mujeres destacadas de nuestra ciudad. Habr\u00e1 espect\u00e1culos en vivo. La Secretar\u00eda&hellip;<\/p>\n","protected":false},"author":3,"featured_media":11836,"comment_status":"closed","ping_status":"open","sticky":false,"template":"","format":"standard","meta":{"footnotes":""},"categories":[2,877],"tags":[66,67,836,93,99,259,864,351,1102,551,878,572],"class_list":["post-11835","post","type-post","status-publish","format-standard","has-post-thumbnail","hentry","category-cultura-y-espectaculos","category-noti-mujer-online","tag-arroyito","tag-arroyito-cordoba","tag-arroyito-online","tag-ballet-municipal","tag-banda-sinfonica","tag-cultura","tag-cultura-y-espectaculos-online","tag-espectaculos","tag-gobierno-municipal","tag-mujeres-arroyito","tag-noti-mujer-online","tag-noticias-de-arroyito-y-zona"],"_links":{"self":[{"href":"https:\/\/arroyitoonline.com.ar\/index.php?rest_route=\/wp\/v2\/posts\/11835","targetHints":{"allow":["GET"]}}],"collection":[{"href":"https:\/\/arroyitoonline.com.ar\/index.php?rest_route=\/wp\/v2\/posts"}],"about":[{"href":"https:\/\/arroyitoonline.com.ar\/index.php?rest_route=\/wp\/v2\/types\/post"}],"author":[{"embeddable":true,"href":"https:\/\/arroyitoonline.com.ar\/index.php?rest_route=\/wp\/v2\/users\/3"}],"replies":[{"embeddable":true,"href":"https:\/\/arroyitoonline.com.ar\/index.php?rest_route=%2Fwp%2Fv2%2Fcomments&post=11835"}],"version-history":[{"count":1,"href":"https:\/\/arroyitoonline.com.ar\/index.php?rest_route=\/wp\/v2\/posts\/11835\/revisions"}],"predecessor-version":[{"id":11838,"href":"https:\/\/arroyitoonline.com.ar\/index.php?rest_route=\/wp\/v2\/posts\/11835\/revisions\/11838"}],"wp:featuredmedia":[{"embeddable":true,"href":"https:\/\/arroyitoonline.com.ar\/index.php?rest_route=\/wp\/v2\/media\/11836"}],"wp:attachment":[{"href":"https:\/\/arroyitoonline.com.ar\/index.php?rest_route=%2Fwp%2Fv2%2Fmedia&parent=11835"}],"wp:term":[{"taxonomy":"category","embeddable":true,"href":"https:\/\/arroyitoonline.com.ar\/index.php?rest_route=%2Fwp%2Fv2%2Fcategories&post=11835"},{"taxonomy":"post_tag","embeddable":true,"href":"https:\/\/arroyitoonline.com.ar\/index.php?rest_route=%2Fwp%2Fv2%2Ftags&post=11835"}],"curies":[{"name":"wp","href":"https:\/\/api.w.org\/{rel}","templated":true}]}}