{"id":11862,"date":"2021-03-08T13:55:35","date_gmt":"2021-03-08T13:55:35","guid":{"rendered":"https:\/\/arroyitoonline.com.ar\/?p=11862"},"modified":"2021-03-09T01:56:32","modified_gmt":"2021-03-09T01:56:32","slug":"covid-19-en-arroyito-fallecio-un-hombre-de-62-anos","status":"publish","type":"post","link":"https:\/\/arroyitoonline.com.ar\/?p=11862","title":{"rendered":"Covid 19 en Arroyito: falleci\u00f3 un hombre de 62 a\u00f1os"},"content":{"rendered":"\n<p><strong>Este s\u00e1bado han sido registrados cuatro nuevos casos y se recuperaron cuatro personas.<\/strong><\/p>\n\n\n\n<p>El pasado viernes se produjo el fallecimiento de otro paciente de Arroyito con covid-19. Se trata de un hombre de 62 a\u00f1os, que permanec\u00eda internado en una cl\u00ednica de la ciudad de C\u00f3rdoba. Hasta el momento, son 33 los decesos en el \u00e1mbito local, vinculados a la pandemia coronavirus.<\/p>\n\n\n\n<p>Por su parte, el Centro de Emergencias (CEA) inform\u00f3 que, a la fecha, Arroyito cuenta con 32 casos positivos de covid-19 activos. Este s\u00e1bado han sido registrados cuatro nuevos casos.<\/p>\n\n\n\n<p>Adem\u00e1s, se han recuperado cuatro personas recibiendo alta m\u00e9dica. En total, suman 1414 los pacientes recuperados.<\/p>\n\n\n\n<p>Desde que comenz\u00f3 la emergencia sanitaria se contabilizan 1479 casos en total (sumando los actuales activos, recuperados y 33 decesos).<\/p>\n\n\n\n<p>Fuente: CEA.<\/p>\n","protected":false},"excerpt":{"rendered":"<p>Este s\u00e1bado han sido registrados cuatro nuevos casos y se recuperaron cuatro personas. El pasado viernes se produjo el fallecimiento&hellip;<\/p>\n","protected":false},"author":3,"featured_media":11634,"comment_status":"closed","ping_status":"open","sticky":false,"template":"","format":"standard","meta":{"footnotes":""},"categories":[9],"tags":[66,67,836,1149,1108,1152,1167,572,706],"class_list":["post-11862","post","type-post","status-publish","format-standard","has-post-thumbnail","hentry","category-infosalud","tag-arroyito","tag-arroyito-cordoba","tag-arroyito-online","tag-centro-de-emergencias-de-arroyito","tag-coronavirus","tag-covid-19","tag-distanciamiento-social-preventivo-y-obligatorio","tag-noticias-de-arroyito-y-zona","tag-salud"],"_links":{"self":[{"href":"https:\/\/arroyitoonline.com.ar\/index.php?rest_route=\/wp\/v2\/posts\/11862","targetHints":{"allow":["GET"]}}],"collection":[{"href":"https:\/\/arroyitoonline.com.ar\/index.php?rest_route=\/wp\/v2\/posts"}],"about":[{"href":"https:\/\/arroyitoonline.com.ar\/index.php?rest_route=\/wp\/v2\/types\/post"}],"author":[{"embeddable":true,"href":"https:\/\/arroyitoonline.com.ar\/index.php?rest_route=\/wp\/v2\/users\/3"}],"replies":[{"embeddable":true,"href":"https:\/\/arroyitoonline.com.ar\/index.php?rest_route=%2Fwp%2Fv2%2Fcomments&post=11862"}],"version-history":[{"count":2,"href":"https:\/\/arroyitoonline.com.ar\/index.php?rest_route=\/wp\/v2\/posts\/11862\/revisions"}],"predecessor-version":[{"id":11880,"href":"https:\/\/arroyitoonline.com.ar\/index.php?rest_route=\/wp\/v2\/posts\/11862\/revisions\/11880"}],"wp:featuredmedia":[{"embeddable":true,"href":"https:\/\/arroyitoonline.com.ar\/index.php?rest_route=\/wp\/v2\/media\/11634"}],"wp:attachment":[{"href":"https:\/\/arroyitoonline.com.ar\/index.php?rest_route=%2Fwp%2Fv2%2Fmedia&parent=11862"}],"wp:term":[{"taxonomy":"category","embeddable":true,"href":"https:\/\/arroyitoonline.com.ar\/index.php?rest_route=%2Fwp%2Fv2%2Fcategories&post=11862"},{"taxonomy":"post_tag","embeddable":true,"href":"https:\/\/arroyitoonline.com.ar\/index.php?rest_route=%2Fwp%2Fv2%2Ftags&post=11862"}],"curies":[{"name":"wp","href":"https:\/\/api.w.org\/{rel}","templated":true}]}}