{"id":11873,"date":"2021-03-09T00:26:52","date_gmt":"2021-03-09T00:26:52","guid":{"rendered":"https:\/\/arroyitoonline.com.ar\/?p=11873"},"modified":"2021-03-09T00:26:55","modified_gmt":"2021-03-09T00:26:55","slug":"el-gobierno-municipal-conmemoro-el-dia-internacional-de-la-mujer-con-un-acto-presencial-en-la-plaza-25-de-mayo","status":"publish","type":"post","link":"https:\/\/arroyitoonline.com.ar\/?p=11873","title":{"rendered":"El Gobierno Municipal conmemor\u00f3 el D\u00eda Internacional de la Mujer, con un acto presencial en la Plaza 25 de Mayo"},"content":{"rendered":"\n<p><strong>Tras un a\u00f1o sin eventos con p\u00fablico en el emblem\u00e1tico espacio p\u00fablico, vecinos acompa\u00f1aron la iniciativa con su asistencia.<\/strong><\/p>\n\n\n\n<p>El domingo a la noche, el Gobierno Municipal conmemor\u00f3 el D\u00eda Internacional de la Mujer, con emotivos reconocimientos a damas destacadas de nuestra ciudad postuladas por instituciones locales. Tras un a\u00f1o sin actos presenciales en la Plaza 25 de Mayo, el p\u00fablico acompa\u00f1\u00f3 la iniciativa en una noche con temperatura ideal. <\/p>\n\n\n\n<figure class=\"wp-block-image size-large\"><img loading=\"lazy\" decoding=\"async\" width=\"1024\" height=\"684\" src=\"https:\/\/arroyitoonline.com.ar\/wp-content\/uploads\/2021\/03\/ballet-municipal.jpeg\" alt=\"\" class=\"wp-image-11876\" srcset=\"https:\/\/arroyitoonline.com.ar\/wp-content\/uploads\/2021\/03\/ballet-municipal.jpeg 1024w, https:\/\/arroyitoonline.com.ar\/wp-content\/uploads\/2021\/03\/ballet-municipal-300x200.jpeg 300w, https:\/\/arroyitoonline.com.ar\/wp-content\/uploads\/2021\/03\/ballet-municipal-768x513.jpeg 768w\" sizes=\"auto, (max-width: 1024px) 100vw, 1024px\" \/><figcaption><em>El n\u00famero del Conjunto Femenino del Grupo Juvenil de la Escuela Municipal de Danzas.<\/em><\/figcaption><\/figure>\n\n\n\n<p>Amenizaron el evento, el Conjunto Femenino del Grupo Juvenil de la Escuela Municipal de Danzas; la Escuela Superior de Danzas CEFA y la Banda Sinf\u00f3nica Municipal, cuyos m\u00fasicos presentaron un adelanto de su concierto tributo a Abel Pintos, esta vez en la voz de Leo Priotto, cantante de Toro Pujio. <\/p>\n\n\n\n<figure class=\"wp-block-image size-large\"><img loading=\"lazy\" decoding=\"async\" width=\"1024\" height=\"684\" src=\"https:\/\/arroyitoonline.com.ar\/wp-content\/uploads\/2021\/03\/banda-sinf\u00f3nica.jpeg\" alt=\"\" class=\"wp-image-11877\" srcset=\"https:\/\/arroyitoonline.com.ar\/wp-content\/uploads\/2021\/03\/banda-sinf\u00f3nica.jpeg 1024w, https:\/\/arroyitoonline.com.ar\/wp-content\/uploads\/2021\/03\/banda-sinf\u00f3nica-300x200.jpeg 300w, https:\/\/arroyitoonline.com.ar\/wp-content\/uploads\/2021\/03\/banda-sinf\u00f3nica-768x513.jpeg 768w\" sizes=\"auto, (max-width: 1024px) 100vw, 1024px\" \/><figcaption><em>La presentaci\u00f3n de la Banda Sinf\u00f3nica Municipal.<\/em><\/figcaption><\/figure>\n\n\n\n<p>Por \u00faltimo, remarcando las cualidades de las mujeres destacadas, diferentes entidades de la ciudad y el Gobierno Municipal seleccionaron y reconocieron a:<br>\u2022<strong>Lidia del Carmen Barrera<\/strong>, nominada por la Organizaci\u00f3n Padres en Acci\u00f3n.<br>\u2022<strong>Alejandra Juncos<\/strong>, nominada por la Comisi\u00f3n de Padres de la Banda Municipal de M\u00fasica.<br>\u2022<strong>Mar\u00eda Cristina Gim\u00e9nez de Med\u00fas<\/strong>, nominada por el Club de Abuelos Arroyito.<br>\u2022<strong>Anah\u00ed D\u00edaz<\/strong>, nominada por la Asociaci\u00f3n Bomberos Voluntarios de Arroyito.<br>\u2022<strong>Mar\u00eda Gabriela Baud\u00edn<\/strong>, nominada por la Inspecci\u00f3n de Zona Escolar 2320.<br>\u2022<strong>Mabel Vaca de Ferreira<\/strong>, nominada por el Sindicato de Trabajadores de Industrias de la Alimentaci\u00f3n (STIA) Arroyito.<br>\u2022<strong>M\u00f3nica Lidia Fonti<\/strong>, nominada por la Cooperativa de Electricidad y Servicios P\u00fablicos de Arroyito Limitada.<br>\u2022<strong>Ana Valdez De R\u00edos<\/strong>, nominada por la Iglesia Vida Nueva Arroyito.<br>\u2022<strong>Carla Sonia Guti\u00e9rrez<\/strong>, nominada por la Rama Femenina del Partido Justicialista Circuito Arroyito.<br>\u2022<strong>Mar\u00eda Alejandra Torres de Irusta<\/strong>, nominada por el Consejo Municipal de las Mujeres de Arroyito.<br>\u2022<strong>Mar\u00eda Celiz<\/strong>, nominada por el Centro Vecinal Xanaes.<br>\u2022<strong>Celina Cometto de Borletto<\/strong>, nominada por la Parroquia Nuestra Sra. de la Merced.<br>\u2022<strong>Raquel Rivarola<\/strong>, nominada por el Centro Vecinal La Curva.<br>\u2022<strong>M\u00f3nica Ana Mar\u00eda Rodr\u00edguez<\/strong>, <strong>Ana Mar\u00eda Cabrera<\/strong>, <strong>Daniela Rosana Mendoza<\/strong>, <strong>Edith Borletto<\/strong>, <strong>Carina Maranetto<\/strong> y <strong>Liliana Esther Ferace<\/strong>; todas nominadas por el Gobierno Municipal.<\/p>\n","protected":false},"excerpt":{"rendered":"<p>Tras un a\u00f1o sin eventos con p\u00fablico en el emblem\u00e1tico espacio p\u00fablico, vecinos acompa\u00f1aron la iniciativa con su asistencia. El&hellip;<\/p>\n","protected":false},"author":3,"featured_media":11874,"comment_status":"closed","ping_status":"open","sticky":false,"template":"","format":"standard","meta":{"footnotes":""},"categories":[877],"tags":[66,67,836,93,99,351,1102,1177,550,551,878,572],"class_list":["post-11873","post","type-post","status-publish","format-standard","has-post-thumbnail","hentry","category-noti-mujer-online","tag-arroyito","tag-arroyito-cordoba","tag-arroyito-online","tag-ballet-municipal","tag-banda-sinfonica","tag-espectaculos","tag-gobierno-municipal","tag-hospital-municipal-carlos-j-rodriguez","tag-mujeres","tag-mujeres-arroyito","tag-noti-mujer-online","tag-noticias-de-arroyito-y-zona"],"_links":{"self":[{"href":"https:\/\/arroyitoonline.com.ar\/index.php?rest_route=\/wp\/v2\/posts\/11873","targetHints":{"allow":["GET"]}}],"collection":[{"href":"https:\/\/arroyitoonline.com.ar\/index.php?rest_route=\/wp\/v2\/posts"}],"about":[{"href":"https:\/\/arroyitoonline.com.ar\/index.php?rest_route=\/wp\/v2\/types\/post"}],"author":[{"embeddable":true,"href":"https:\/\/arroyitoonline.com.ar\/index.php?rest_route=\/wp\/v2\/users\/3"}],"replies":[{"embeddable":true,"href":"https:\/\/arroyitoonline.com.ar\/index.php?rest_route=%2Fwp%2Fv2%2Fcomments&post=11873"}],"version-history":[{"count":2,"href":"https:\/\/arroyitoonline.com.ar\/index.php?rest_route=\/wp\/v2\/posts\/11873\/revisions"}],"predecessor-version":[{"id":11878,"href":"https:\/\/arroyitoonline.com.ar\/index.php?rest_route=\/wp\/v2\/posts\/11873\/revisions\/11878"}],"wp:featuredmedia":[{"embeddable":true,"href":"https:\/\/arroyitoonline.com.ar\/index.php?rest_route=\/wp\/v2\/media\/11874"}],"wp:attachment":[{"href":"https:\/\/arroyitoonline.com.ar\/index.php?rest_route=%2Fwp%2Fv2%2Fmedia&parent=11873"}],"wp:term":[{"taxonomy":"category","embeddable":true,"href":"https:\/\/arroyitoonline.com.ar\/index.php?rest_route=%2Fwp%2Fv2%2Fcategories&post=11873"},{"taxonomy":"post_tag","embeddable":true,"href":"https:\/\/arroyitoonline.com.ar\/index.php?rest_route=%2Fwp%2Fv2%2Ftags&post=11873"}],"curies":[{"name":"wp","href":"https:\/\/api.w.org\/{rel}","templated":true}]}}