{"id":11911,"date":"2021-03-14T00:16:24","date_gmt":"2021-03-14T00:16:24","guid":{"rendered":"https:\/\/arroyitoonline.com.ar\/?p=11911"},"modified":"2021-03-14T00:16:27","modified_gmt":"2021-03-14T00:16:27","slug":"tres-adolescentes-golpearon-a-una-joven-y-le-provocaron-traumatismo-de-craneo","status":"publish","type":"post","link":"https:\/\/arroyitoonline.com.ar\/?p=11911","title":{"rendered":"Tres adolescentes golpearon a una joven y le provocaron traumatismo de cr\u00e1neo"},"content":{"rendered":"\n<p><strong>Ocurri\u00f3 durante la madrugada de hoy, en el Balneario Municipal. El padre de la chica denuncia que <em>\u201cla Costanera del r\u00edo es tierra de nadie\u201d<\/em>.<\/strong><\/p>\n\n\n\n<p>Esta noche, el 2\u00ba Jefe de la Comisar\u00eda Distrito Arroyito, subcomisario Manuel Carmona \u2013a cargo de la dependencia, por licencia del comisario Facundo Bosco- emiti\u00f3 un informe, donde brinda la versi\u00f3n policial de uno de los hechos de violencia que trascendieron hoy en las redes sociales.<\/p>\n\n\n\n<p>En el texto, el jefe policial informa que una chica de 18 a\u00f1os se hizo presente en la Unidad Judicial local manifestando que, en la madrugada de este s\u00e1bado en el sector del Balneario Municipal, se origin\u00f3 una gresca entre un grupo de j\u00f3venes, donde la denunciante habr\u00eda sido agredida por tres adolescentes.<\/p>\n\n\n\n<p>A ra\u00edz de lo cual sufri\u00f3 traumatismo de cr\u00e1neo, quedando internada en observaci\u00f3n en Hospital Municipal Dr. Carlos J. Rodr\u00edguez. La agredida destac\u00f3 adem\u00e1s, que las supuestas agresoras ya est\u00e1n identificadas, interviniendo en el caso Fiscal\u00eda de Instrucci\u00f3n de la ciudad de Arroyito.<br>Fuente: informe del subcomisario Manuel Carmona \u2013 2\u00ba jefe de la Comisar\u00eda Distrito Arroyito.<\/p>\n\n\n\n<p><strong>El relato de la familia<\/strong><\/p>\n\n\n\n<p>Al mediod\u00eda de hoy, Daniel Almada, padre de la joven golpeada, escribi\u00f3 un posteo en la red social Facebook, en el cual relata el periplo de la v\u00edctima y sus familiares, luego de la ri\u00f1a en la Costanera.<br>En la publicaci\u00f3n, que ya acumula m\u00e1s de 700 compartidos, el hombre menciona a quienes ser\u00edan las agresoras y realiza un descargo sobre la atenci\u00f3n recibida, tanto en el nosocomio como en la Comisar\u00eda.<\/p>\n\n\n\n<figure class=\"wp-block-image size-large\"><img loading=\"lazy\" decoding=\"async\" width=\"1024\" height=\"577\" src=\"https:\/\/arroyitoonline.com.ar\/wp-content\/uploads\/2021\/03\/InShot_20210313_205659405-1024x577.jpg\" alt=\"\" class=\"wp-image-11913\" srcset=\"https:\/\/arroyitoonline.com.ar\/wp-content\/uploads\/2021\/03\/InShot_20210313_205659405-1024x577.jpg 1024w, https:\/\/arroyitoonline.com.ar\/wp-content\/uploads\/2021\/03\/InShot_20210313_205659405-300x169.jpg 300w, https:\/\/arroyitoonline.com.ar\/wp-content\/uploads\/2021\/03\/InShot_20210313_205659405-768x432.jpg 768w, https:\/\/arroyitoonline.com.ar\/wp-content\/uploads\/2021\/03\/InShot_20210313_205659405-1536x865.jpg 1536w, https:\/\/arroyitoonline.com.ar\/wp-content\/uploads\/2021\/03\/InShot_20210313_205659405-scaled.jpg 2048w\" sizes=\"auto, (max-width: 1024px) 100vw, 1024px\" \/><figcaption><em>Las im\u00e1genes que comparti\u00f3 Daniel Almada, el padre de la v\u00edctima.<\/em><\/figcaption><\/figure>\n\n\n\n<p>En el texto, Almada se pregunta \u201c\u00bfhasta cu\u00e1ndo todo esto que pasa? Que es tierra de nadie la Costanera del r\u00edo, \u00bfQu\u00e9 pasa con las autoridades, intendente, polic\u00eda, hospital? \u00bfHay que esperar a enterrar a un hijo para que el lamento llegue a todos? \u00bfTenemos que salir nosotros a defender nuestros hijos? Muy decepcionado y con mucha bronca con las autoridades\u201d.<\/p>\n\n\n\n<p>Y agrega que \u201cVamos a ver si la Justicia act\u00faa como debe ser, porque si mi hija estuviera casada y un hombre le pega as\u00ed, estoy m\u00e1s que seguro que todos los procedimientos ser\u00edan diferentes, Y EST\u00c1 MUY BIEN Y ESTOY DE ACUERDO CON ESE PROCEDIMIENTO, pero hasta ahora lo \u00fanico que se ve y da a entender es que tres chicas pueden pegarle salvajemente a una y no pasa nada\u201d.<\/p>\n\n\n\n<p>Fotos: Facebook Daniel Almada. <\/p>\n","protected":false},"excerpt":{"rendered":"<p>Ocurri\u00f3 durante la madrugada de hoy, en el Balneario Municipal. El padre de la chica denuncia que \u201cla Costanera del&hellip;<\/p>\n","protected":false},"author":3,"featured_media":11912,"comment_status":"closed","ping_status":"open","sticky":false,"template":"","format":"standard","meta":{"footnotes":""},"categories":[824],"tags":[37,66,67,836,95,1069,875,572,635,637,638,825,690],"class_list":["post-11911","post","type-post","status-publish","format-standard","has-post-thumbnail","hentry","category-policiales-online","tag-agresion","tag-arroyito","tag-arroyito-cordoba","tag-arroyito-online","tag-balneario","tag-costanera","tag-jovenes-2","tag-noticias-de-arroyito-y-zona","tag-policia","tag-policiales","tag-policiales-arroyito","tag-policiales-online","tag-rio-xanaes"],"_links":{"self":[{"href":"https:\/\/arroyitoonline.com.ar\/index.php?rest_route=\/wp\/v2\/posts\/11911","targetHints":{"allow":["GET"]}}],"collection":[{"href":"https:\/\/arroyitoonline.com.ar\/index.php?rest_route=\/wp\/v2\/posts"}],"about":[{"href":"https:\/\/arroyitoonline.com.ar\/index.php?rest_route=\/wp\/v2\/types\/post"}],"author":[{"embeddable":true,"href":"https:\/\/arroyitoonline.com.ar\/index.php?rest_route=\/wp\/v2\/users\/3"}],"replies":[{"embeddable":true,"href":"https:\/\/arroyitoonline.com.ar\/index.php?rest_route=%2Fwp%2Fv2%2Fcomments&post=11911"}],"version-history":[{"count":1,"href":"https:\/\/arroyitoonline.com.ar\/index.php?rest_route=\/wp\/v2\/posts\/11911\/revisions"}],"predecessor-version":[{"id":11914,"href":"https:\/\/arroyitoonline.com.ar\/index.php?rest_route=\/wp\/v2\/posts\/11911\/revisions\/11914"}],"wp:featuredmedia":[{"embeddable":true,"href":"https:\/\/arroyitoonline.com.ar\/index.php?rest_route=\/wp\/v2\/media\/11912"}],"wp:attachment":[{"href":"https:\/\/arroyitoonline.com.ar\/index.php?rest_route=%2Fwp%2Fv2%2Fmedia&parent=11911"}],"wp:term":[{"taxonomy":"category","embeddable":true,"href":"https:\/\/arroyitoonline.com.ar\/index.php?rest_route=%2Fwp%2Fv2%2Fcategories&post=11911"},{"taxonomy":"post_tag","embeddable":true,"href":"https:\/\/arroyitoonline.com.ar\/index.php?rest_route=%2Fwp%2Fv2%2Ftags&post=11911"}],"curies":[{"name":"wp","href":"https:\/\/api.w.org\/{rel}","templated":true}]}}