{"id":11916,"date":"2021-03-15T14:51:50","date_gmt":"2021-03-15T14:51:50","guid":{"rendered":"https:\/\/arroyitoonline.com.ar\/?p=11916"},"modified":"2021-03-15T14:51:51","modified_gmt":"2021-03-15T14:51:51","slug":"interna-radical-con-el-triunfo-de-daniela-mendoza-benedetti-recupera-el-comite","status":"publish","type":"post","link":"https:\/\/arroyitoonline.com.ar\/?p=11916","title":{"rendered":"Interna Radical: con el triunfo de Daniela Mendoza, Benedetti recupera el Comit\u00e9"},"content":{"rendered":"\n<p><strong>La actual directora de Habilitaciones de Comercio y Bromatolog\u00eda del Gobierno Municipal obtuvo 281 votos, contra los 215 de Miguel Olocco (Lista 218 Sumar).<\/strong><\/p>\n\n\n\n<p>Ayer a la tarde, Daniela Mendoza (Lista 210 Convergencia Radical) se impuso en la interna radical de autoridades partidarias, transform\u00e1ndose en la pr\u00f3xima presidenta del Comit\u00e9 Circuito Arroyito relevando a N\u00e9stor Bonetto.<\/p>\n\n\n\n<p>La actual directora de Habilitaciones de Comercio y Bromatolog\u00eda del Gobierno Municipal obtuvo 281 votos, contra los 215 de Miguel Olocco (Lista 218 Sumar). Tres fueron los sufragios nulos y hubo igual n\u00famero de votos en blanco. Asimismo hubo una baja convocatoria, ya que concurrieron a los comicios solo 538 de los 1895 afiliados habilitados.<\/p>\n\n\n\n<p>Otro dato llamativo de esta interna es que, Mendoza logr\u00f3 alianzas con la concejala Lidia Mart\u00ednez -compa\u00f1era de Bloque de Mauricio Cravero, referente de la otra lista- y con la exprecandidata a intendenta Gloria Brizuela. De este modo, Benedetti recuperar\u00eda el control del Comit\u00e9 local, aunque gobierna el Municipio en acuerdo con el Peronismo provincial.<\/p>\n\n\n\n<p>En tanto, para el Comit\u00e9 Provincia, la diferencia fue mayor.\u00a0El intendente de General Cabrera, Marcos Carasso\u00a0(Lista 210 Convergencia Radical), consigui\u00f3 317 votos, sobre\u00a0Rodrigo de Loredo\u00a0(Lista 218 Sumar) -cuyos aliados regionales son el exintendente Cravero y el intendente de Sacanta, Daniel Garnero- que cosech\u00f3 215. Cabe destacar que Carasso fue el candidato de la alianza Negri-Mestre. <\/p>\n\n\n\n<p>Agradecemos la foto y los datos a Prensa UCR.<\/p>\n","protected":false},"excerpt":{"rendered":"<p>La actual directora de Habilitaciones de Comercio y Bromatolog\u00eda del Gobierno Municipal obtuvo 281 votos, contra los 215 de Miguel&hellip;<\/p>\n","protected":false},"author":3,"featured_media":11917,"comment_status":"closed","ping_status":"open","sticky":false,"template":"","format":"standard","meta":{"footnotes":""},"categories":[8],"tags":[66,67,836,115,968,870,572,640,871,783],"class_list":["post-11916","post","type-post","status-publish","format-standard","has-post-thumbnail","hentry","category-politica","tag-arroyito","tag-arroyito-cordoba","tag-arroyito-online","tag-benedetti","tag-gustavo-benedetti","tag-interna-radical","tag-noticias-de-arroyito-y-zona","tag-politica","tag-radicalismo","tag-union-civica-radical"],"_links":{"self":[{"href":"https:\/\/arroyitoonline.com.ar\/index.php?rest_route=\/wp\/v2\/posts\/11916","targetHints":{"allow":["GET"]}}],"collection":[{"href":"https:\/\/arroyitoonline.com.ar\/index.php?rest_route=\/wp\/v2\/posts"}],"about":[{"href":"https:\/\/arroyitoonline.com.ar\/index.php?rest_route=\/wp\/v2\/types\/post"}],"author":[{"embeddable":true,"href":"https:\/\/arroyitoonline.com.ar\/index.php?rest_route=\/wp\/v2\/users\/3"}],"replies":[{"embeddable":true,"href":"https:\/\/arroyitoonline.com.ar\/index.php?rest_route=%2Fwp%2Fv2%2Fcomments&post=11916"}],"version-history":[{"count":1,"href":"https:\/\/arroyitoonline.com.ar\/index.php?rest_route=\/wp\/v2\/posts\/11916\/revisions"}],"predecessor-version":[{"id":11918,"href":"https:\/\/arroyitoonline.com.ar\/index.php?rest_route=\/wp\/v2\/posts\/11916\/revisions\/11918"}],"wp:featuredmedia":[{"embeddable":true,"href":"https:\/\/arroyitoonline.com.ar\/index.php?rest_route=\/wp\/v2\/media\/11917"}],"wp:attachment":[{"href":"https:\/\/arroyitoonline.com.ar\/index.php?rest_route=%2Fwp%2Fv2%2Fmedia&parent=11916"}],"wp:term":[{"taxonomy":"category","embeddable":true,"href":"https:\/\/arroyitoonline.com.ar\/index.php?rest_route=%2Fwp%2Fv2%2Fcategories&post=11916"},{"taxonomy":"post_tag","embeddable":true,"href":"https:\/\/arroyitoonline.com.ar\/index.php?rest_route=%2Fwp%2Fv2%2Ftags&post=11916"}],"curies":[{"name":"wp","href":"https:\/\/api.w.org\/{rel}","templated":true}]}}