{"id":11921,"date":"2021-03-15T20:45:16","date_gmt":"2021-03-15T20:45:16","guid":{"rendered":"https:\/\/arroyitoonline.com.ar\/?p=11921"},"modified":"2021-03-15T20:45:22","modified_gmt":"2021-03-15T20:45:22","slug":"detuvieron-a-un-hombre-que-habria-cometido-abuso-sexual-con-acceso-carnal","status":"publish","type":"post","link":"https:\/\/arroyitoonline.com.ar\/?p=11921","title":{"rendered":"Detuvieron a un hombre que habr\u00eda cometido abuso sexual con acceso carnal"},"content":{"rendered":"\n<p><strong>La v\u00edctima es una menor de edad. La aprehensi\u00f3n se produjo bajo estrictas directivas de la Fiscal\u00eda de Instrucci\u00f3n local.<\/strong><\/p>\n\n\n\n<p>Este lunes a las 2:30 de la madrugada, personal policial procedi\u00f3 a la detenci\u00f3n de un hombre de 28 a\u00f1os.<\/p>\n\n\n\n<p>La aprehensi\u00f3n se produjo bajo estrictas directivas de la Fiscal\u00eda de Instrucci\u00f3n de nuestra ciudad, por supuesto autor de abuso sexual con acceso carnal. La v\u00edctima es una menor de edad.<\/p>\n\n\n\n<p>Fuente: informe del subcomisario Manuel Carmona | 2\u00b0 Jefe Comisar\u00eda Distrito Arroyito.<\/p>\n","protected":false},"excerpt":{"rendered":"<p>La v\u00edctima es una menor de edad. La aprehensi\u00f3n se produjo bajo estrictas directivas de la Fiscal\u00eda de Instrucci\u00f3n local.&hellip;<\/p>\n","protected":false},"author":3,"featured_media":8867,"comment_status":"closed","ping_status":"open","sticky":false,"template":"","format":"standard","meta":{"footnotes":""},"categories":[824],"tags":[20,21,66,67,836,572,635,637,638,825],"class_list":["post-11921","post","type-post","status-publish","format-standard","has-post-thumbnail","hentry","category-policiales-online","tag-abuso","tag-abuso-sexual","tag-arroyito","tag-arroyito-cordoba","tag-arroyito-online","tag-noticias-de-arroyito-y-zona","tag-policia","tag-policiales","tag-policiales-arroyito","tag-policiales-online"],"_links":{"self":[{"href":"https:\/\/arroyitoonline.com.ar\/index.php?rest_route=\/wp\/v2\/posts\/11921","targetHints":{"allow":["GET"]}}],"collection":[{"href":"https:\/\/arroyitoonline.com.ar\/index.php?rest_route=\/wp\/v2\/posts"}],"about":[{"href":"https:\/\/arroyitoonline.com.ar\/index.php?rest_route=\/wp\/v2\/types\/post"}],"author":[{"embeddable":true,"href":"https:\/\/arroyitoonline.com.ar\/index.php?rest_route=\/wp\/v2\/users\/3"}],"replies":[{"embeddable":true,"href":"https:\/\/arroyitoonline.com.ar\/index.php?rest_route=%2Fwp%2Fv2%2Fcomments&post=11921"}],"version-history":[{"count":1,"href":"https:\/\/arroyitoonline.com.ar\/index.php?rest_route=\/wp\/v2\/posts\/11921\/revisions"}],"predecessor-version":[{"id":11922,"href":"https:\/\/arroyitoonline.com.ar\/index.php?rest_route=\/wp\/v2\/posts\/11921\/revisions\/11922"}],"wp:featuredmedia":[{"embeddable":true,"href":"https:\/\/arroyitoonline.com.ar\/index.php?rest_route=\/wp\/v2\/media\/8867"}],"wp:attachment":[{"href":"https:\/\/arroyitoonline.com.ar\/index.php?rest_route=%2Fwp%2Fv2%2Fmedia&parent=11921"}],"wp:term":[{"taxonomy":"category","embeddable":true,"href":"https:\/\/arroyitoonline.com.ar\/index.php?rest_route=%2Fwp%2Fv2%2Fcategories&post=11921"},{"taxonomy":"post_tag","embeddable":true,"href":"https:\/\/arroyitoonline.com.ar\/index.php?rest_route=%2Fwp%2Fv2%2Ftags&post=11921"}],"curies":[{"name":"wp","href":"https:\/\/api.w.org\/{rel}","templated":true}]}}