{"id":11950,"date":"2021-03-17T21:24:45","date_gmt":"2021-03-17T21:24:45","guid":{"rendered":"https:\/\/arroyitoonline.com.ar\/?p=11950"},"modified":"2021-03-18T14:27:00","modified_gmt":"2021-03-18T14:27:00","slug":"estan-abiertas-las-inscripciones-para-la-solicitud-de-becas-de-utiles-escolares","status":"publish","type":"post","link":"https:\/\/arroyitoonline.com.ar\/?p=11950","title":{"rendered":"Est\u00e1n abiertas las inscripciones para la solicitud de becas de \u00fatiles escolares"},"content":{"rendered":"\n<p><strong>Es un beneficio directo hacia el estudiante, sin intermediarios, para el acceso a \u00fatiles escolares, en librer\u00edas locales.<\/strong><\/p>\n\n\n\n<p>Se encuentra\u00a0<strong>abierta la convocatoria para solicitud de becas de \u00fatiles escolares, destinadas a estudiantes de niveles primario, secundario y terciario.<\/strong><\/p>\n\n\n\n<p><strong>La propuesta, impulsada por el intendente Gustavo Benedetti, promueve, por primera vez, un beneficio directo hacia el estudiante, sin intermediarios, para el acceso a la canasta escolar, en librer\u00edas locales.<\/strong><\/p>\n\n\n\n<figure class=\"wp-block-image size-large\"><img loading=\"lazy\" decoding=\"async\" width=\"1024\" height=\"1024\" src=\"https:\/\/arroyitoonline.com.ar\/wp-content\/uploads\/2021\/03\/becas-utiles-2021-1024x1024.jpg\" alt=\"\" class=\"wp-image-11951\" srcset=\"https:\/\/arroyitoonline.com.ar\/wp-content\/uploads\/2021\/03\/becas-utiles-2021-1024x1024.jpg 1024w, https:\/\/arroyitoonline.com.ar\/wp-content\/uploads\/2021\/03\/becas-utiles-2021-300x300.jpg 300w, https:\/\/arroyitoonline.com.ar\/wp-content\/uploads\/2021\/03\/becas-utiles-2021-150x150.jpg 150w, https:\/\/arroyitoonline.com.ar\/wp-content\/uploads\/2021\/03\/becas-utiles-2021-768x768.jpg 768w, https:\/\/arroyitoonline.com.ar\/wp-content\/uploads\/2021\/03\/becas-utiles-2021.jpg 1181w\" sizes=\"auto, (max-width: 1024px) 100vw, 1024px\" \/><\/figure>\n\n\n\n<p><strong>Los alumnos interesados pueden acercarse a la Direcci\u00f3n de Promoci\u00f3n Comunitaria y Social (General Paz 941), de 8:00 a 12:00 horas, para el retiro de planillas de inscripci\u00f3n al programa, que luego ser\u00e1n evaluadas por una trabajadora social.<\/strong><\/p>\n\n\n\n<p>Por su parte, la Direcci\u00f3n de Compras, Bienes y Servicios del Municipio,\u00a0<strong>solicita a los titulares de librer\u00edas interesados en esta propuesta, a que concurran a General Paz 943,\u00a0<\/strong>edificio de Econom\u00eda, para informarse sobre la implementaci\u00f3n en comercios del rubro, de este programa municipal de Becas Escolares.<\/p>\n","protected":false},"excerpt":{"rendered":"<p>Es un beneficio directo hacia el estudiante, sin intermediarios, para el acceso a \u00fatiles escolares, en librer\u00edas locales. Se encuentra\u00a0abierta&hellip;<\/p>\n","protected":false},"author":3,"featured_media":11952,"comment_status":"closed","ping_status":"open","sticky":false,"template":"","format":"standard","meta":{"footnotes":""},"categories":[830],"tags":[66,67,836,947,881,1079,348,1102,882,572],"class_list":["post-11950","post","type-post","status-publish","format-standard","has-post-thumbnail","hentry","category-educacion-online","tag-arroyito","tag-arroyito-cordoba","tag-arroyito-online","tag-becas","tag-canasta-escolar","tag-direccion-de-promocion-comunitaria-y-social","tag-escuelas","tag-gobierno-municipal","tag-libreria","tag-noticias-de-arroyito-y-zona"],"_links":{"self":[{"href":"https:\/\/arroyitoonline.com.ar\/index.php?rest_route=\/wp\/v2\/posts\/11950","targetHints":{"allow":["GET"]}}],"collection":[{"href":"https:\/\/arroyitoonline.com.ar\/index.php?rest_route=\/wp\/v2\/posts"}],"about":[{"href":"https:\/\/arroyitoonline.com.ar\/index.php?rest_route=\/wp\/v2\/types\/post"}],"author":[{"embeddable":true,"href":"https:\/\/arroyitoonline.com.ar\/index.php?rest_route=\/wp\/v2\/users\/3"}],"replies":[{"embeddable":true,"href":"https:\/\/arroyitoonline.com.ar\/index.php?rest_route=%2Fwp%2Fv2%2Fcomments&post=11950"}],"version-history":[{"count":2,"href":"https:\/\/arroyitoonline.com.ar\/index.php?rest_route=\/wp\/v2\/posts\/11950\/revisions"}],"predecessor-version":[{"id":11969,"href":"https:\/\/arroyitoonline.com.ar\/index.php?rest_route=\/wp\/v2\/posts\/11950\/revisions\/11969"}],"wp:featuredmedia":[{"embeddable":true,"href":"https:\/\/arroyitoonline.com.ar\/index.php?rest_route=\/wp\/v2\/media\/11952"}],"wp:attachment":[{"href":"https:\/\/arroyitoonline.com.ar\/index.php?rest_route=%2Fwp%2Fv2%2Fmedia&parent=11950"}],"wp:term":[{"taxonomy":"category","embeddable":true,"href":"https:\/\/arroyitoonline.com.ar\/index.php?rest_route=%2Fwp%2Fv2%2Fcategories&post=11950"},{"taxonomy":"post_tag","embeddable":true,"href":"https:\/\/arroyitoonline.com.ar\/index.php?rest_route=%2Fwp%2Fv2%2Ftags&post=11950"}],"curies":[{"name":"wp","href":"https:\/\/api.w.org\/{rel}","templated":true}]}}