{"id":11961,"date":"2021-03-18T14:13:37","date_gmt":"2021-03-18T14:13:37","guid":{"rendered":"https:\/\/arroyitoonline.com.ar\/?p=11961"},"modified":"2021-03-18T14:13:39","modified_gmt":"2021-03-18T14:13:39","slug":"melina-gallo-le-pidio-a-benedetti-que-la-reemplace-como-directora-medica","status":"publish","type":"post","link":"https:\/\/arroyitoonline.com.ar\/?p=11961","title":{"rendered":"Melina Gallo le pidi\u00f3 a Benedetti que la reemplace como directora M\u00e9dica"},"content":{"rendered":"\n<p><strong><em>&#8220;Estoy colaborando con el intendente para dejar en buenas manos este hospital, que es orgullo de todos&#8221;<\/em>, explic\u00f3 en una nota enviada a los medios.<\/strong><\/p>\n\n\n\n<p>Ayer, nuestros colegas de <strong>OK FM Arroyito<\/strong>, adelantaron en primicia que la directora M\u00e9dica del Hospital Municipal de Autogesti\u00f3n Carlos J. Rodr\u00edguez, Melina Gallo, hab\u00eda renunciado a su cargo. <\/p>\n\n\n\n<div class=\"wp-block-image\"><figure class=\"aligncenter size-large\"><img loading=\"lazy\" decoding=\"async\" width=\"509\" height=\"505\" src=\"https:\/\/arroyitoonline.com.ar\/wp-content\/uploads\/2021\/03\/renuncia-de-melina-gallo-1.png\" alt=\"\" class=\"wp-image-11963\" srcset=\"https:\/\/arroyitoonline.com.ar\/wp-content\/uploads\/2021\/03\/renuncia-de-melina-gallo-1.png 509w, https:\/\/arroyitoonline.com.ar\/wp-content\/uploads\/2021\/03\/renuncia-de-melina-gallo-1-300x298.png 300w, https:\/\/arroyitoonline.com.ar\/wp-content\/uploads\/2021\/03\/renuncia-de-melina-gallo-1-150x150.png 150w\" sizes=\"auto, (max-width: 509px) 100vw, 509px\" \/><figcaption><em>El adelanto publicado por OK FM Arroyito.<\/em><\/figcaption><\/figure><\/div>\n\n\n\n<p>Tras la ola de rumores al respecto, esta ma\u00f1ana lleg\u00f3 la explicaci\u00f3n oficial. Mediante una nota dirigida a los medios de comunicaci\u00f3n, la galena ratific\u00f3 que <em>&#8220;hace un tiempo le he solicitado (a Benedetti) mi remplazo en el cargo&#8221;<\/em>.<\/p>\n\n\n\n<p>En este sentido, Gallo afirm\u00f3 que <em>&#8220;el \u00fanico motivo de esta decisi\u00f3n es por una raz\u00f3n particular, que es enfocada en estar m\u00e1s presente con los m\u00edos&#8221;<\/em>. Tambi\u00e9n resalt\u00f3 que estos 12 meses de pandemia fueron un desaf\u00edo para quienes permanecen en primera l\u00ednea, por lo cual ha descuidado <em>&#8220;mucho&#8221;<\/em> a su familia.<\/p>\n\n\n\n<div class=\"wp-block-image\"><figure class=\"aligncenter size-large\"><img loading=\"lazy\" decoding=\"async\" width=\"403\" height=\"557\" src=\"https:\/\/arroyitoonline.com.ar\/wp-content\/uploads\/2021\/03\/nota-melina-gallo-1.png\" alt=\"\" class=\"wp-image-11965\" srcset=\"https:\/\/arroyitoonline.com.ar\/wp-content\/uploads\/2021\/03\/nota-melina-gallo-1.png 403w, https:\/\/arroyitoonline.com.ar\/wp-content\/uploads\/2021\/03\/nota-melina-gallo-1-217x300.png 217w\" sizes=\"auto, (max-width: 403px) 100vw, 403px\" \/><figcaption><em>La nota de Melina Gallo dirigida a los medios de comunicaci\u00f3n.<\/em><\/figcaption><\/figure><\/div>\n\n\n\n<p>M\u00e1s adelante, la doctora dej\u00f3 claro que <em>&#8220;seguir\u00e9 trabajando como siempre en el hospital, que estar\u00e9 tambi\u00e9n muy cerca del equipo del CEA. El hospital es mi segunda casa y as\u00ed ser\u00e1 siempre&#8221;<\/em>, manifestando que <em>&#8220;Estoy colaborando con el intendente para dejar en buenas manos este hospital que es orgullo de todos&#8221;<\/em>. <\/p>\n\n\n\n<p>Por \u00faltimo, Gallo inform\u00f3 que continuar\u00e1 en la funci\u00f3n, hasta que se designe a su sucesor. <\/p>\n","protected":false},"excerpt":{"rendered":"<p>&#8220;Estoy colaborando con el intendente para dejar en buenas manos este hospital, que es orgullo de todos&#8221;, explic\u00f3 en una&hellip;<\/p>\n","protected":false},"author":3,"featured_media":10309,"comment_status":"closed","ping_status":"open","sticky":false,"template":"","format":"standard","meta":{"footnotes":""},"categories":[9],"tags":[66,67,836,1152,426,1177,572,706],"class_list":["post-11961","post","type-post","status-publish","format-standard","has-post-thumbnail","hentry","category-infosalud","tag-arroyito","tag-arroyito-cordoba","tag-arroyito-online","tag-covid-19","tag-hospital","tag-hospital-municipal-carlos-j-rodriguez","tag-noticias-de-arroyito-y-zona","tag-salud"],"_links":{"self":[{"href":"https:\/\/arroyitoonline.com.ar\/index.php?rest_route=\/wp\/v2\/posts\/11961","targetHints":{"allow":["GET"]}}],"collection":[{"href":"https:\/\/arroyitoonline.com.ar\/index.php?rest_route=\/wp\/v2\/posts"}],"about":[{"href":"https:\/\/arroyitoonline.com.ar\/index.php?rest_route=\/wp\/v2\/types\/post"}],"author":[{"embeddable":true,"href":"https:\/\/arroyitoonline.com.ar\/index.php?rest_route=\/wp\/v2\/users\/3"}],"replies":[{"embeddable":true,"href":"https:\/\/arroyitoonline.com.ar\/index.php?rest_route=%2Fwp%2Fv2%2Fcomments&post=11961"}],"version-history":[{"count":1,"href":"https:\/\/arroyitoonline.com.ar\/index.php?rest_route=\/wp\/v2\/posts\/11961\/revisions"}],"predecessor-version":[{"id":11966,"href":"https:\/\/arroyitoonline.com.ar\/index.php?rest_route=\/wp\/v2\/posts\/11961\/revisions\/11966"}],"wp:featuredmedia":[{"embeddable":true,"href":"https:\/\/arroyitoonline.com.ar\/index.php?rest_route=\/wp\/v2\/media\/10309"}],"wp:attachment":[{"href":"https:\/\/arroyitoonline.com.ar\/index.php?rest_route=%2Fwp%2Fv2%2Fmedia&parent=11961"}],"wp:term":[{"taxonomy":"category","embeddable":true,"href":"https:\/\/arroyitoonline.com.ar\/index.php?rest_route=%2Fwp%2Fv2%2Fcategories&post=11961"},{"taxonomy":"post_tag","embeddable":true,"href":"https:\/\/arroyitoonline.com.ar\/index.php?rest_route=%2Fwp%2Fv2%2Ftags&post=11961"}],"curies":[{"name":"wp","href":"https:\/\/api.w.org\/{rel}","templated":true}]}}