{"id":11973,"date":"2021-03-19T18:58:44","date_gmt":"2021-03-19T18:58:44","guid":{"rendered":"https:\/\/arroyitoonline.com.ar\/?p=11973"},"modified":"2021-03-22T14:26:24","modified_gmt":"2021-03-22T14:26:24","slug":"benedetti-al-centro-comercial-sobre-la-contribucion-por-carteleria-es-una-discusion-sin-sentido-sobre-algo-que-no-existe","status":"publish","type":"post","link":"https:\/\/arroyitoonline.com.ar\/?p=11973","title":{"rendered":"Benedetti al Centro Comercial, sobre la contribuci\u00f3n por carteler\u00eda: &#8220;es una discusi\u00f3n sin sentido sobre algo que no existe&#8221;"},"content":{"rendered":"\n<p><strong>El intendente explic\u00f3 que <em>&#8220;Esta tasa solamente se ha cobrado a los for\u00e1neos y a las grandes corporaciones&#8221;<\/em>.<\/strong><\/p>\n\n\n\n<p>En la tarde de ayer, el Centro Comercial e Industrial de Arroyito inici\u00f3 una campa\u00f1a en redes sociales, denominada <em>&#8220;\u00a1NO! Al impuesto sobre Publicidad y Propaganda&#8221;<\/em>, oponi\u00e9ndose al cobro de la contribuci\u00f3n municipal por carteler\u00eda. La imagen fue compartida por gran n\u00famero de usuarios, tanto en Instagram como en Facebook, con cr\u00edticas al Gobierno Municipal. <\/p>\n\n\n\n<figure class=\"wp-block-image size-large\"><img loading=\"lazy\" decoding=\"async\" width=\"1024\" height=\"1024\" src=\"https:\/\/arroyitoonline.com.ar\/wp-content\/uploads\/2021\/03\/campa\u00f1a-CCIA-1024x1024.png\" alt=\"\" class=\"wp-image-11975\" srcset=\"https:\/\/arroyitoonline.com.ar\/wp-content\/uploads\/2021\/03\/campa\u00f1a-CCIA-1024x1024.png 1024w, https:\/\/arroyitoonline.com.ar\/wp-content\/uploads\/2021\/03\/campa\u00f1a-CCIA-300x300.png 300w, https:\/\/arroyitoonline.com.ar\/wp-content\/uploads\/2021\/03\/campa\u00f1a-CCIA-150x150.png 150w, https:\/\/arroyitoonline.com.ar\/wp-content\/uploads\/2021\/03\/campa\u00f1a-CCIA-768x768.png 768w, https:\/\/arroyitoonline.com.ar\/wp-content\/uploads\/2021\/03\/campa\u00f1a-CCIA.png 1200w\" sizes=\"auto, (max-width: 1024px) 100vw, 1024px\" \/><figcaption><em>La campa\u00f1a que se viraliz\u00f3 ayer en las redes sociales, y que lleva el sello del Centro Comercial.<\/em><\/figcaption><\/figure>\n\n\n\n<p>En ese sentido, desde la entidad que nuclea a propietarios de negocios informaron a sus asociados <em>&#8220;que se est\u00e1n llevando a cabo gestiones para impedir las contribuciones que inciden sobre Publicidad y Propaganda de los comercios e industrias de nuestra ciudad&#8221;<\/em> y adjuntaron los art\u00edculos de la Tarifaria 2021 que motivaron la campa\u00f1a.<\/p>\n\n\n\n<figure class=\"wp-block-image size-large\"><img loading=\"lazy\" decoding=\"async\" width=\"603\" height=\"561\" src=\"https:\/\/arroyitoonline.com.ar\/wp-content\/uploads\/2021\/03\/T\u00edtuloXI-Tarifaria-2021.png\" alt=\"\" class=\"wp-image-11974\" srcset=\"https:\/\/arroyitoonline.com.ar\/wp-content\/uploads\/2021\/03\/T\u00edtuloXI-Tarifaria-2021.png 603w, https:\/\/arroyitoonline.com.ar\/wp-content\/uploads\/2021\/03\/T\u00edtuloXI-Tarifaria-2021-300x279.png 300w\" sizes=\"auto, (max-width: 603px) 100vw, 603px\" \/><\/figure>\n\n\n\n<p>La respuesta por parte del intendente no se hizo esperar. En un <a href=\"https:\/\/www.instagram.com\/p\/CMmtxs5nhOM\/\">video enviado esta ma\u00f1ana a los medios de comunicaci\u00f3n<\/a>, Benedetti llev\u00f3 tranquilidad <em>&#8220;a los que tienen un kiosco, una despensa, a todos los comerciantes de Arroyito&#8221;<\/em> y aclar\u00f3 que <em>&#8220;No existe una nueva tasa, porque hace m\u00e1s de nueve a\u00f1os que est\u00e1 y nunca se cobr\u00f3 en la ciudad y tampoco la vamos a cobrar&#8221;<\/em>. <\/p>\n\n\n\n<p>Adem\u00e1s, el jefe municipal explic\u00f3 que <em>&#8220;Esta tasa solamente se ha cobrado a los for\u00e1neos y a las grandes corporaciones&#8221;<\/em>. <\/p>\n\n\n\n<p>Por \u00faltimo, Benedetti envi\u00f3 un mensaje directo a la conducci\u00f3n de la entidad comercial. <em>&#8220;Me duele y me preocupa que estando a pocos metros y, habiendo tenido durante la pandemia una relaci\u00f3n de di\u00e1logo permanente con el Centro Comercial, se llevara a una discusi\u00f3n sin sentido, sobre algo que no existe y no est\u00e1 en el an\u00e1lisis de la gesti\u00f3n. M\u00e1s all\u00e1 de que las ordenanzas, desde hace mucho tiempo fijaban esta tasa, ni el intendente anterior ni este intendente lo ha dispuesto para los comercios locales&#8221;<\/em>, dijo el primer mandatario local. <\/p>\n","protected":false},"excerpt":{"rendered":"<p>El intendente explic\u00f3 que &#8220;Esta tasa solamente se ha cobrado a los for\u00e1neos y a las grandes corporaciones&#8221;. En la&hellip;<\/p>\n","protected":false},"author":3,"featured_media":11756,"comment_status":"closed","ping_status":"open","sticky":false,"template":"","format":"standard","meta":{"footnotes":""},"categories":[996],"tags":[66,67,836,168,217,1102,434,555,556,572],"class_list":["post-11973","post","type-post","status-publish","format-standard","has-post-thumbnail","hentry","category-comercio","tag-arroyito","tag-arroyito-cordoba","tag-arroyito-online","tag-centro-comercial","tag-comercio","tag-gobierno-municipal","tag-impuesto","tag-municipalidad","tag-municipalidad-de-arroyito","tag-noticias-de-arroyito-y-zona"],"_links":{"self":[{"href":"https:\/\/arroyitoonline.com.ar\/index.php?rest_route=\/wp\/v2\/posts\/11973","targetHints":{"allow":["GET"]}}],"collection":[{"href":"https:\/\/arroyitoonline.com.ar\/index.php?rest_route=\/wp\/v2\/posts"}],"about":[{"href":"https:\/\/arroyitoonline.com.ar\/index.php?rest_route=\/wp\/v2\/types\/post"}],"author":[{"embeddable":true,"href":"https:\/\/arroyitoonline.com.ar\/index.php?rest_route=\/wp\/v2\/users\/3"}],"replies":[{"embeddable":true,"href":"https:\/\/arroyitoonline.com.ar\/index.php?rest_route=%2Fwp%2Fv2%2Fcomments&post=11973"}],"version-history":[{"count":3,"href":"https:\/\/arroyitoonline.com.ar\/index.php?rest_route=\/wp\/v2\/posts\/11973\/revisions"}],"predecessor-version":[{"id":11993,"href":"https:\/\/arroyitoonline.com.ar\/index.php?rest_route=\/wp\/v2\/posts\/11973\/revisions\/11993"}],"wp:featuredmedia":[{"embeddable":true,"href":"https:\/\/arroyitoonline.com.ar\/index.php?rest_route=\/wp\/v2\/media\/11756"}],"wp:attachment":[{"href":"https:\/\/arroyitoonline.com.ar\/index.php?rest_route=%2Fwp%2Fv2%2Fmedia&parent=11973"}],"wp:term":[{"taxonomy":"category","embeddable":true,"href":"https:\/\/arroyitoonline.com.ar\/index.php?rest_route=%2Fwp%2Fv2%2Fcategories&post=11973"},{"taxonomy":"post_tag","embeddable":true,"href":"https:\/\/arroyitoonline.com.ar\/index.php?rest_route=%2Fwp%2Fv2%2Ftags&post=11973"}],"curies":[{"name":"wp","href":"https:\/\/api.w.org\/{rel}","templated":true}]}}