{"id":11982,"date":"2021-03-19T21:20:16","date_gmt":"2021-03-19T21:20:16","guid":{"rendered":"https:\/\/arroyitoonline.com.ar\/?p=11982"},"modified":"2021-03-22T14:27:46","modified_gmt":"2021-03-22T14:27:46","slug":"profundo-pesar-fallecio-el-musico-pablo-fernandez","status":"publish","type":"post","link":"https:\/\/arroyitoonline.com.ar\/?p=11982","title":{"rendered":"Profundo pesar: falleci\u00f3 el m\u00fasico Pablo Fern\u00e1ndez"},"content":{"rendered":"\n<p><strong>Gran cantautor y compositor, excelente docente y mejor persona; el vocalista y l\u00edder de R\u00edo Sagrado y Tierra Nueva dej\u00f3 este mundo a los 47 a\u00f1os.<\/strong><\/p>\n\n\n\n<p>Esta ma\u00f1ana, una triste noticia, la que no hubi\u00e9semos querido dar nunca, empez\u00f3 a circular entre todos. La muerte del querid\u00edsimo Pablo Fern\u00e1ndez enlut\u00f3 a nuestra localidad y, de seguro, a cada persona que tuvo el honor de conocerlo. <\/p>\n\n\n\n<p>Pablo Fern\u00e1ndez, vocalista y l\u00edder de R\u00edo Sagrado y Tierra Nueva, dej\u00f3 una huella imborrable en esta ciudad. Aunque desde hac\u00eda algunos a\u00f1os resid\u00eda en Salsipuedes, Arroyito siempre lo sinti\u00f3 y sentir\u00e1 parte de esta comunidad.<\/p>\n\n\n\n<p>Gran m\u00fasico, cantautor y compositor, excelente docente y mejor persona; Pablo se fue de este mundo muy pronto, a los 47 a\u00f1os, tras sufrir los embates del c\u00e1ncer durante m\u00e1s de dos a\u00f1os y medio de tratamiento, operaciones y quimioterapia. <\/p>\n\n\n\n<blockquote class=\"wp-block-quote is-layout-flow wp-block-quote-is-layout-flow\"><p><em>&#8220;El sufrir dolor, estar en tratamiento por el c\u00e1ncer es una muestra de lo que es mi humanidad, la tuya, la de todos&#8230; Quiz\u00e1s mucho de ustedes deben atravesar otros desaf\u00edos crueles, dif\u00edciles e injustos que la vida nos pone en frente&#8230; Pero vos como yo sabemos que all\u00ed se explica y se juega nuestra verdadera humanidad, en el c\u00f3mo atravesamos y vivimos esos momentos&#8230; lo dem\u00e1s en la vida es distracci\u00f3n&#8221;<\/em><\/p><cite>dec\u00eda Pablo, en uno de sus \u00faltimos posteos de Facebook. <\/cite><\/blockquote>\n\n\n\n<p>El primero en hacerlo p\u00fablico fue su hermano, el sacerdote Sergio Fern\u00e1ndez Nieri. El cura p\u00e1rroco cont\u00f3, en una publicaci\u00f3n en la red social Facebook, que <em>&#8220;Pablo, ha vivido ya su pascua!!!. Particip\u00f3 de los sufrimientos de Cristo y creemos firmemente que ya participa de su Vida en abundancia de manera plena. Ya fue abrazado fuertemente por el amor de Dios, al que siempre cant\u00f3!!!&#8221;<\/em>. <\/p>\n\n\n\n<figure class=\"wp-block-embed-youtube wp-block-embed is-type-video is-provider-youtube wp-embed-aspect-16-9 wp-has-aspect-ratio\"><div class=\"wp-block-embed__wrapper\">\n<div class=\"epyt-video-wrapper\"><iframe loading=\"lazy\"  style=\"display: block; margin: 0px auto;\"  id=\"_ytid_68333\"  width=\"1140\" height=\"641\"  data-origwidth=\"1140\" data-origheight=\"641\" src=\"https:\/\/www.youtube.com\/embed\/sBliLSA0-DI?enablejsapi=1&#038;autoplay=0&#038;cc_load_policy=1&#038;cc_lang_pref=&#038;iv_load_policy=3&#038;loop=0&#038;rel=1&#038;fs=1&#038;playsinline=0&#038;autohide=2&#038;theme=dark&#038;color=red&#038;controls=1&#038;disablekb=0&#038;\" class=\"__youtube_prefs__  epyt-is-override  no-lazyload\" title=\"YouTube player\"  allow=\"fullscreen; accelerometer; autoplay; clipboard-write; encrypted-media; gyroscope; picture-in-picture; web-share\" referrerpolicy=\"strict-origin-when-cross-origin\" allowfullscreen data-no-lazy=\"1\" data-skipgform_ajax_framebjll=\"\"><\/iframe><\/div>\n<\/div><figcaption><em>El \u00faltimo lanzamiento de Pablo, fue la canci\u00f3n Vivo Hoy, el 1 de noviembre de 2020.<\/em><\/figcaption><\/figure>\n\n\n\n<p>Adem\u00e1s, Padre Sergio aprovech\u00f3 el posteo para agradecer, en nombre de las familias Fern\u00e1ndez-Vargas, <em>&#8220;la oraci\u00f3n en estos d\u00edas y en este tiempo. Nos hemos sentido sostenidos por el cari\u00f1o y el afecto de todos ustedes&#8221;<\/em>.<\/p>\n\n\n\n<p>Por \u00faltimo, el hermano de Pablo expres\u00f3 que <em>&#8220;Su despedida ser\u00e1 en el marco de cari\u00f1o de su familia. Celebramos la misa de San Jos\u00e9 junto a la familia en su casa de Salsipuedes y posteriormente sus restos ser\u00e1n cremados. Pablo pidi\u00f3 ayuden a familias con ni\u00f1os con enfermedades terminales&#8221;<\/em>.<\/p>\n\n\n\n<p>Quienes hacemos <strong>Arroyito Online<\/strong>, Pablo y Natalia, enviamos condolencias a los padres, hermanos, esposa (querida Alicia) e hijos de Pablo, acompa\u00f1\u00e1ndolos en este triste momento. <\/p>\n","protected":false},"excerpt":{"rendered":"<p>Gran cantautor y compositor, excelente docente y mejor persona; el vocalista y l\u00edder de R\u00edo Sagrado y Tierra Nueva dej\u00f3&hellip;<\/p>\n","protected":false},"author":3,"featured_media":11983,"comment_status":"closed","ping_status":"open","sticky":false,"template":"","format":"standard","meta":{"footnotes":""},"categories":[900],"tags":[66,67,836,548,559,572,1220],"class_list":["post-11982","post","type-post","status-publish","format-standard","has-post-thumbnail","hentry","category-noticias","tag-arroyito","tag-arroyito-cordoba","tag-arroyito-online","tag-muerte","tag-musica","tag-noticias-de-arroyito-y-zona","tag-pablo-fernandez"],"_links":{"self":[{"href":"https:\/\/arroyitoonline.com.ar\/index.php?rest_route=\/wp\/v2\/posts\/11982","targetHints":{"allow":["GET"]}}],"collection":[{"href":"https:\/\/arroyitoonline.com.ar\/index.php?rest_route=\/wp\/v2\/posts"}],"about":[{"href":"https:\/\/arroyitoonline.com.ar\/index.php?rest_route=\/wp\/v2\/types\/post"}],"author":[{"embeddable":true,"href":"https:\/\/arroyitoonline.com.ar\/index.php?rest_route=\/wp\/v2\/users\/3"}],"replies":[{"embeddable":true,"href":"https:\/\/arroyitoonline.com.ar\/index.php?rest_route=%2Fwp%2Fv2%2Fcomments&post=11982"}],"version-history":[{"count":3,"href":"https:\/\/arroyitoonline.com.ar\/index.php?rest_route=\/wp\/v2\/posts\/11982\/revisions"}],"predecessor-version":[{"id":11994,"href":"https:\/\/arroyitoonline.com.ar\/index.php?rest_route=\/wp\/v2\/posts\/11982\/revisions\/11994"}],"wp:featuredmedia":[{"embeddable":true,"href":"https:\/\/arroyitoonline.com.ar\/index.php?rest_route=\/wp\/v2\/media\/11983"}],"wp:attachment":[{"href":"https:\/\/arroyitoonline.com.ar\/index.php?rest_route=%2Fwp%2Fv2%2Fmedia&parent=11982"}],"wp:term":[{"taxonomy":"category","embeddable":true,"href":"https:\/\/arroyitoonline.com.ar\/index.php?rest_route=%2Fwp%2Fv2%2Fcategories&post=11982"},{"taxonomy":"post_tag","embeddable":true,"href":"https:\/\/arroyitoonline.com.ar\/index.php?rest_route=%2Fwp%2Fv2%2Ftags&post=11982"}],"curies":[{"name":"wp","href":"https:\/\/api.w.org\/{rel}","templated":true}]}}