{"id":11987,"date":"2021-03-22T13:15:54","date_gmt":"2021-03-22T13:15:54","guid":{"rendered":"https:\/\/arroyitoonline.com.ar\/?p=11987"},"modified":"2021-03-22T13:15:57","modified_gmt":"2021-03-22T13:15:57","slug":"covid-19-en-arroyito-el-jueves-fallecio-un-hombre-de-64-anos","status":"publish","type":"post","link":"https:\/\/arroyitoonline.com.ar\/?p=11987","title":{"rendered":"Covid 19 en Arroyito: el jueves falleci\u00f3 un hombre de 64 a\u00f1os"},"content":{"rendered":"\n<p><strong>En el \u00faltimo informe emitido por el CEA, ha sido registrado un nuevo caso y se recuperaron dos personas.<\/strong><\/p>\n\n\n\n<p>El pasado jueves 18 se produjo el fallecimiento de otro paciente de Arroyito con covid-19. Se trata de un hombre de 64 a\u00f1os, que permanec\u00eda internado en una cl\u00ednica privada de nuestra ciudad. Hasta el momento, son 35 los decesos en el \u00e1mbito local, vinculados a la pandemia coronavirus.<\/p>\n\n\n\n<p>Por su parte, el Centro de Emergencias (CEA) inform\u00f3 que, a la fecha, Arroyito cuenta con 42 casos positivos de covid-19 activos. Este domingo ha sido registrado un nuevo caso.<\/p>\n\n\n\n<p>Adem\u00e1s, se han recuperado dos personas recibiendo alta m\u00e9dica. En total, suman 1449 los pacientes recuperados.<\/p>\n\n\n\n<p>Desde que comenz\u00f3 la emergencia sanitaria se contabilizan 1526 casos en total (sumando los actuales activos, recuperados y 35 decesos).<\/p>\n\n\n\n<p>Fuente: CEA.<\/p>\n","protected":false},"excerpt":{"rendered":"<p>En el \u00faltimo informe emitido por el CEA, ha sido registrado un nuevo caso y se recuperaron dos personas. El&hellip;<\/p>\n","protected":false},"author":3,"featured_media":11634,"comment_status":"closed","ping_status":"open","sticky":false,"template":"","format":"standard","meta":{"footnotes":""},"categories":[9],"tags":[66,67,836,1149,1108,1152,1167,548,572],"class_list":["post-11987","post","type-post","status-publish","format-standard","has-post-thumbnail","hentry","category-infosalud","tag-arroyito","tag-arroyito-cordoba","tag-arroyito-online","tag-centro-de-emergencias-de-arroyito","tag-coronavirus","tag-covid-19","tag-distanciamiento-social-preventivo-y-obligatorio","tag-muerte","tag-noticias-de-arroyito-y-zona"],"_links":{"self":[{"href":"https:\/\/arroyitoonline.com.ar\/index.php?rest_route=\/wp\/v2\/posts\/11987","targetHints":{"allow":["GET"]}}],"collection":[{"href":"https:\/\/arroyitoonline.com.ar\/index.php?rest_route=\/wp\/v2\/posts"}],"about":[{"href":"https:\/\/arroyitoonline.com.ar\/index.php?rest_route=\/wp\/v2\/types\/post"}],"author":[{"embeddable":true,"href":"https:\/\/arroyitoonline.com.ar\/index.php?rest_route=\/wp\/v2\/users\/3"}],"replies":[{"embeddable":true,"href":"https:\/\/arroyitoonline.com.ar\/index.php?rest_route=%2Fwp%2Fv2%2Fcomments&post=11987"}],"version-history":[{"count":1,"href":"https:\/\/arroyitoonline.com.ar\/index.php?rest_route=\/wp\/v2\/posts\/11987\/revisions"}],"predecessor-version":[{"id":11988,"href":"https:\/\/arroyitoonline.com.ar\/index.php?rest_route=\/wp\/v2\/posts\/11987\/revisions\/11988"}],"wp:featuredmedia":[{"embeddable":true,"href":"https:\/\/arroyitoonline.com.ar\/index.php?rest_route=\/wp\/v2\/media\/11634"}],"wp:attachment":[{"href":"https:\/\/arroyitoonline.com.ar\/index.php?rest_route=%2Fwp%2Fv2%2Fmedia&parent=11987"}],"wp:term":[{"taxonomy":"category","embeddable":true,"href":"https:\/\/arroyitoonline.com.ar\/index.php?rest_route=%2Fwp%2Fv2%2Fcategories&post=11987"},{"taxonomy":"post_tag","embeddable":true,"href":"https:\/\/arroyitoonline.com.ar\/index.php?rest_route=%2Fwp%2Fv2%2Ftags&post=11987"}],"curies":[{"name":"wp","href":"https:\/\/api.w.org\/{rel}","templated":true}]}}