{"id":11989,"date":"2021-03-22T14:01:53","date_gmt":"2021-03-22T14:01:53","guid":{"rendered":"https:\/\/arroyitoonline.com.ar\/?p=11989"},"modified":"2021-03-22T14:16:56","modified_gmt":"2021-03-22T14:16:56","slug":"covid-19-mauricio-cravero-fue-trasladado-al-hospital-rawson","status":"publish","type":"post","link":"https:\/\/arroyitoonline.com.ar\/?p=11989","title":{"rendered":"Covid-19: Mauricio Cravero fue trasladado al Hospital Rawson"},"content":{"rendered":"\n<p><strong>Es para completar su tratamiento por coronavirus. En el nosocomio local, donde estaba internado, recibi\u00f3 ibuprofeno nebulizado y plasma.<\/strong><\/p>\n\n\n\n<p>El concejal de la UCR y exintendente de Arroyito, Mauricio Cravero, fue trasladado el s\u00e1bado al hospital Rawson de la ciudad de C\u00f3rdoba para completar el tratamiento por covid.<\/p>\n\n\n\n<p>Seg\u00fan publica <strong>La Voz de San Justo<\/strong>, hace 12 d\u00edas que el contador transita la enfermedad, pero reci\u00e9n el pasado mi\u00e9rcoles fue internado en el hospital municipal Dr. Carlos J. Rodr\u00edguez, donde recibi\u00f3 tratamiento con ibuprofeno nebulizado y plasma.<\/p>\n\n\n\n<p>Horas antes del traslado, el intendente Gustavo Benedetti lo fue a visitar y se puso a su disposici\u00f3n.<\/p>\n\n\n\n<p>Fuente: La Voz de San Justo.<\/p>\n","protected":false},"excerpt":{"rendered":"<p>Es para completar su tratamiento por coronavirus. En el nosocomio local, donde estaba internado, recibi\u00f3 ibuprofeno nebulizado y plasma. El&hellip;<\/p>\n","protected":false},"author":3,"featured_media":4703,"comment_status":"closed","ping_status":"open","sticky":false,"template":"","format":"standard","meta":{"footnotes":""},"categories":[9],"tags":[66,67,836,115,1108,1152,253,968,1177,527,572,706],"class_list":["post-11989","post","type-post","status-publish","format-standard","has-post-thumbnail","hentry","category-infosalud","tag-arroyito","tag-arroyito-cordoba","tag-arroyito-online","tag-benedetti","tag-coronavirus","tag-covid-19","tag-cravero","tag-gustavo-benedetti","tag-hospital-municipal-carlos-j-rodriguez","tag-mauricio-cravero","tag-noticias-de-arroyito-y-zona","tag-salud"],"_links":{"self":[{"href":"https:\/\/arroyitoonline.com.ar\/index.php?rest_route=\/wp\/v2\/posts\/11989","targetHints":{"allow":["GET"]}}],"collection":[{"href":"https:\/\/arroyitoonline.com.ar\/index.php?rest_route=\/wp\/v2\/posts"}],"about":[{"href":"https:\/\/arroyitoonline.com.ar\/index.php?rest_route=\/wp\/v2\/types\/post"}],"author":[{"embeddable":true,"href":"https:\/\/arroyitoonline.com.ar\/index.php?rest_route=\/wp\/v2\/users\/3"}],"replies":[{"embeddable":true,"href":"https:\/\/arroyitoonline.com.ar\/index.php?rest_route=%2Fwp%2Fv2%2Fcomments&post=11989"}],"version-history":[{"count":3,"href":"https:\/\/arroyitoonline.com.ar\/index.php?rest_route=\/wp\/v2\/posts\/11989\/revisions"}],"predecessor-version":[{"id":11992,"href":"https:\/\/arroyitoonline.com.ar\/index.php?rest_route=\/wp\/v2\/posts\/11989\/revisions\/11992"}],"wp:featuredmedia":[{"embeddable":true,"href":"https:\/\/arroyitoonline.com.ar\/index.php?rest_route=\/wp\/v2\/media\/4703"}],"wp:attachment":[{"href":"https:\/\/arroyitoonline.com.ar\/index.php?rest_route=%2Fwp%2Fv2%2Fmedia&parent=11989"}],"wp:term":[{"taxonomy":"category","embeddable":true,"href":"https:\/\/arroyitoonline.com.ar\/index.php?rest_route=%2Fwp%2Fv2%2Fcategories&post=11989"},{"taxonomy":"post_tag","embeddable":true,"href":"https:\/\/arroyitoonline.com.ar\/index.php?rest_route=%2Fwp%2Fv2%2Ftags&post=11989"}],"curies":[{"name":"wp","href":"https:\/\/api.w.org\/{rel}","templated":true}]}}