{"id":11995,"date":"2021-03-22T18:24:24","date_gmt":"2021-03-22T18:24:24","guid":{"rendered":"https:\/\/arroyitoonline.com.ar\/?p=11995"},"modified":"2021-03-22T18:24:50","modified_gmt":"2021-03-22T18:24:50","slug":"condenaron-a-siete-personas-por-venta-de-drogas-en-el-departamento-san-justo","status":"publish","type":"post","link":"https:\/\/arroyitoonline.com.ar\/?p=11995","title":{"rendered":"Condenaron a siete personas por venta de drogas, en el departamento San Justo"},"content":{"rendered":"\n<p><strong>Las penas impuestas por la C\u00e1mara en lo Criminal y Correccional fueron de entre tres a cinco a\u00f1os y cuatro meses de prisi\u00f3n.<\/strong><\/p>\n\n\n\n<p>Con penas de entre tres a cinco a\u00f1os y cuatro meses de prisi\u00f3n, la C\u00e1mara en lo Criminal y Correccional conden\u00f3 a siete personas mayores de edad, por comercializaci\u00f3n de estupefacientes agravada (por la participaci\u00f3n de tres o m\u00e1s personas) en distintas localidades del departamento San Justo.<\/p>\n\n\n\n<p>Se trata de: Marcelo Artaza, quien recibi\u00f3 una pena de cinco a\u00f1os y cuatro meses de prisi\u00f3n; Maximiliano Batt\u00e1n condenado a la misma pena; Yanina Somavilla, cuatro a\u00f1os y siete meses de prisi\u00f3n; Marcelo Corti, cuatro a\u00f1os y seis meses de prisi\u00f3n; Jesica Conci, que recibi\u00f3 tres a\u00f1os de prisi\u00f3n; Alexis Malague\u00f1o, tres a\u00f1os de prisi\u00f3n, y Rub\u00e9n P\u00e9rez, tres a\u00f1os de prisi\u00f3n.<\/p>\n\n\n\n<p>Los operativos fueron desarrollados entre los a\u00f1os 2018 y 2020, cuando efectivos de la Fuerza Policial Antinarcotr\u00e1fico iniciaron una investigaci\u00f3n que finaliz\u00f3 con varios allanamientos, secuestro de estupefacientes y la aprehensi\u00f3n de los ahora condenados.<\/p>\n\n\n\n<p>Fuente: MPF C\u00f3rdoba.<\/p>\n","protected":false},"excerpt":{"rendered":"<p>Las penas impuestas por la C\u00e1mara en lo Criminal y Correccional fueron de entre tres a cinco a\u00f1os y cuatro&hellip;<\/p>\n","protected":false},"author":3,"featured_media":11996,"comment_status":"closed","ping_status":"open","sticky":false,"template":"","format":"standard","meta":{"footnotes":""},"categories":[824],"tags":[66,67,836,303,386,478,565,572,637,638,825],"class_list":["post-11995","post","type-post","status-publish","format-standard","has-post-thumbnail","hentry","category-policiales-online","tag-arroyito","tag-arroyito-cordoba","tag-arroyito-online","tag-drogas","tag-fpa","tag-justicia","tag-narcotrafico","tag-noticias-de-arroyito-y-zona","tag-policiales","tag-policiales-arroyito","tag-policiales-online"],"_links":{"self":[{"href":"https:\/\/arroyitoonline.com.ar\/index.php?rest_route=\/wp\/v2\/posts\/11995","targetHints":{"allow":["GET"]}}],"collection":[{"href":"https:\/\/arroyitoonline.com.ar\/index.php?rest_route=\/wp\/v2\/posts"}],"about":[{"href":"https:\/\/arroyitoonline.com.ar\/index.php?rest_route=\/wp\/v2\/types\/post"}],"author":[{"embeddable":true,"href":"https:\/\/arroyitoonline.com.ar\/index.php?rest_route=\/wp\/v2\/users\/3"}],"replies":[{"embeddable":true,"href":"https:\/\/arroyitoonline.com.ar\/index.php?rest_route=%2Fwp%2Fv2%2Fcomments&post=11995"}],"version-history":[{"count":2,"href":"https:\/\/arroyitoonline.com.ar\/index.php?rest_route=\/wp\/v2\/posts\/11995\/revisions"}],"predecessor-version":[{"id":11998,"href":"https:\/\/arroyitoonline.com.ar\/index.php?rest_route=\/wp\/v2\/posts\/11995\/revisions\/11998"}],"wp:featuredmedia":[{"embeddable":true,"href":"https:\/\/arroyitoonline.com.ar\/index.php?rest_route=\/wp\/v2\/media\/11996"}],"wp:attachment":[{"href":"https:\/\/arroyitoonline.com.ar\/index.php?rest_route=%2Fwp%2Fv2%2Fmedia&parent=11995"}],"wp:term":[{"taxonomy":"category","embeddable":true,"href":"https:\/\/arroyitoonline.com.ar\/index.php?rest_route=%2Fwp%2Fv2%2Fcategories&post=11995"},{"taxonomy":"post_tag","embeddable":true,"href":"https:\/\/arroyitoonline.com.ar\/index.php?rest_route=%2Fwp%2Fv2%2Ftags&post=11995"}],"curies":[{"name":"wp","href":"https:\/\/api.w.org\/{rel}","templated":true}]}}