{"id":12000,"date":"2021-03-23T13:33:13","date_gmt":"2021-03-23T13:33:13","guid":{"rendered":"https:\/\/arroyitoonline.com.ar\/?p=12000"},"modified":"2021-03-23T13:33:15","modified_gmt":"2021-03-23T13:33:15","slug":"una-mujer-agredio-a-su-hermano-y-fue-aprehendida","status":"publish","type":"post","link":"https:\/\/arroyitoonline.com.ar\/?p=12000","title":{"rendered":"Una mujer agredi\u00f3 a su hermano y fue aprehendida"},"content":{"rendered":"\n<p><strong>La Polic\u00eda fue alertada de la discusi\u00f3n familiar. La mujer tambi\u00e9n ocasion\u00f3 da\u00f1os en el interior del domicilio. <\/strong><\/p>\n\n\n\n<p>El viernes a las 23:05 horas, la Polic\u00eda recibi\u00f3 un llamado a la l\u00ednea de emergencias 101 solicitando la presencia de uniformados en un domicilio, por una discusi\u00f3n familiar.<\/p>\n\n\n\n<p>En el lugar, personal policial constat\u00f3 que una mujer de 28 a\u00f1os habr\u00eda propinado agresiones f\u00edsicas a su hermano de 41, como as\u00ed tambi\u00e9n ocasionado da\u00f1os en el interior del domicilio. Por lo que el uniformado aprehendi\u00f3 a la femenina, quien qued\u00f3 a disposici\u00f3n de la Fiscal\u00eda de Instrucci\u00f3n de nuestra ciudad. <\/p>\n\n\n\n<p>Fuente: informe del subcomisario Manuel Carmona \u2013 2\u00b0 jefe de la Comisar\u00eda Distrito Arroyito.<\/p>\n","protected":false},"excerpt":{"rendered":"<p>La Polic\u00eda fue alertada de la discusi\u00f3n familiar. La mujer tambi\u00e9n ocasion\u00f3 da\u00f1os en el interior del domicilio. El viernes&hellip;<\/p>\n","protected":false},"author":3,"featured_media":9911,"comment_status":"closed","ping_status":"open","sticky":false,"template":"","format":"standard","meta":{"footnotes":""},"categories":[824],"tags":[66,67,836,572,635,637,638,825,808,810],"class_list":["post-12000","post","type-post","status-publish","format-standard","has-post-thumbnail","hentry","category-policiales-online","tag-arroyito","tag-arroyito-cordoba","tag-arroyito-online","tag-noticias-de-arroyito-y-zona","tag-policia","tag-policiales","tag-policiales-arroyito","tag-policiales-online","tag-violencia","tag-violencia-familiar"],"_links":{"self":[{"href":"https:\/\/arroyitoonline.com.ar\/index.php?rest_route=\/wp\/v2\/posts\/12000","targetHints":{"allow":["GET"]}}],"collection":[{"href":"https:\/\/arroyitoonline.com.ar\/index.php?rest_route=\/wp\/v2\/posts"}],"about":[{"href":"https:\/\/arroyitoonline.com.ar\/index.php?rest_route=\/wp\/v2\/types\/post"}],"author":[{"embeddable":true,"href":"https:\/\/arroyitoonline.com.ar\/index.php?rest_route=\/wp\/v2\/users\/3"}],"replies":[{"embeddable":true,"href":"https:\/\/arroyitoonline.com.ar\/index.php?rest_route=%2Fwp%2Fv2%2Fcomments&post=12000"}],"version-history":[{"count":1,"href":"https:\/\/arroyitoonline.com.ar\/index.php?rest_route=\/wp\/v2\/posts\/12000\/revisions"}],"predecessor-version":[{"id":12001,"href":"https:\/\/arroyitoonline.com.ar\/index.php?rest_route=\/wp\/v2\/posts\/12000\/revisions\/12001"}],"wp:featuredmedia":[{"embeddable":true,"href":"https:\/\/arroyitoonline.com.ar\/index.php?rest_route=\/wp\/v2\/media\/9911"}],"wp:attachment":[{"href":"https:\/\/arroyitoonline.com.ar\/index.php?rest_route=%2Fwp%2Fv2%2Fmedia&parent=12000"}],"wp:term":[{"taxonomy":"category","embeddable":true,"href":"https:\/\/arroyitoonline.com.ar\/index.php?rest_route=%2Fwp%2Fv2%2Fcategories&post=12000"},{"taxonomy":"post_tag","embeddable":true,"href":"https:\/\/arroyitoonline.com.ar\/index.php?rest_route=%2Fwp%2Fv2%2Ftags&post=12000"}],"curies":[{"name":"wp","href":"https:\/\/api.w.org\/{rel}","templated":true}]}}