{"id":12011,"date":"2021-03-24T23:09:55","date_gmt":"2021-03-24T23:09:55","guid":{"rendered":"https:\/\/arroyitoonline.com.ar\/?p=12011"},"modified":"2021-03-24T23:11:56","modified_gmt":"2021-03-24T23:11:56","slug":"covid-19-los-hermanos-mauricio-y-ariel-cravero-siguen-internados-en-el-hospital-rawson","status":"publish","type":"post","link":"https:\/\/arroyitoonline.com.ar\/?p=12011","title":{"rendered":"Covid-19: los hermanos Mauricio y Ariel Cravero siguen internados en el Hospital Rawson"},"content":{"rendered":"\n<p><strong>El concejal de la UCR est\u00e1 evolucionado bien, a pesar del periodo cr\u00edtico y manifiesta buen \u00e1nimo.<\/strong><\/p>\n\n\n\n<p>El Concejal de la UCR Mauricio Cravero y su hermano Ariel (exintendente de La Tordilla), contin\u00faan internados en el Hospital Rawson de la ciudad de C\u00f3rdoba, a causa del Covid-19.<\/p>\n\n\n\n<p>En el \u00faltimo parte m\u00e9dico de hoy, el exintendente de Arroyito est\u00e1 evolucionado bien, a pesar del periodo cr\u00edtico, y manifiesta buen \u00e1nimo.<\/p>\n\n\n\n<p>En tanto que, su hermano Ariel, est\u00e1 en terapia con la administraci\u00f3n de ox\u00edgeno debido a su etapa cr\u00edtica, en estado reservado.<\/p>\n\n\n\n<p>Fuente: Arroyito Net | Gentileza Walter Llanes.<\/p>\n","protected":false},"excerpt":{"rendered":"<p>El concejal de la UCR est\u00e1 evolucionado bien, a pesar del periodo cr\u00edtico y manifiesta buen \u00e1nimo. El Concejal de&hellip;<\/p>\n","protected":false},"author":3,"featured_media":12012,"comment_status":"closed","ping_status":"open","sticky":false,"template":"","format":"standard","meta":{"footnotes":""},"categories":[9],"tags":[66,67,836,1108,1152,253,487,527,572,706],"class_list":["post-12011","post","type-post","status-publish","format-standard","has-post-thumbnail","hentry","category-infosalud","tag-arroyito","tag-arroyito-cordoba","tag-arroyito-online","tag-coronavirus","tag-covid-19","tag-cravero","tag-la-tordilla","tag-mauricio-cravero","tag-noticias-de-arroyito-y-zona","tag-salud"],"_links":{"self":[{"href":"https:\/\/arroyitoonline.com.ar\/index.php?rest_route=\/wp\/v2\/posts\/12011","targetHints":{"allow":["GET"]}}],"collection":[{"href":"https:\/\/arroyitoonline.com.ar\/index.php?rest_route=\/wp\/v2\/posts"}],"about":[{"href":"https:\/\/arroyitoonline.com.ar\/index.php?rest_route=\/wp\/v2\/types\/post"}],"author":[{"embeddable":true,"href":"https:\/\/arroyitoonline.com.ar\/index.php?rest_route=\/wp\/v2\/users\/3"}],"replies":[{"embeddable":true,"href":"https:\/\/arroyitoonline.com.ar\/index.php?rest_route=%2Fwp%2Fv2%2Fcomments&post=12011"}],"version-history":[{"count":2,"href":"https:\/\/arroyitoonline.com.ar\/index.php?rest_route=\/wp\/v2\/posts\/12011\/revisions"}],"predecessor-version":[{"id":12014,"href":"https:\/\/arroyitoonline.com.ar\/index.php?rest_route=\/wp\/v2\/posts\/12011\/revisions\/12014"}],"wp:featuredmedia":[{"embeddable":true,"href":"https:\/\/arroyitoonline.com.ar\/index.php?rest_route=\/wp\/v2\/media\/12012"}],"wp:attachment":[{"href":"https:\/\/arroyitoonline.com.ar\/index.php?rest_route=%2Fwp%2Fv2%2Fmedia&parent=12011"}],"wp:term":[{"taxonomy":"category","embeddable":true,"href":"https:\/\/arroyitoonline.com.ar\/index.php?rest_route=%2Fwp%2Fv2%2Fcategories&post=12011"},{"taxonomy":"post_tag","embeddable":true,"href":"https:\/\/arroyitoonline.com.ar\/index.php?rest_route=%2Fwp%2Fv2%2Ftags&post=12011"}],"curies":[{"name":"wp","href":"https:\/\/api.w.org\/{rel}","templated":true}]}}