{"id":12030,"date":"2021-03-25T15:04:43","date_gmt":"2021-03-25T15:04:43","guid":{"rendered":"https:\/\/arroyitoonline.com.ar\/?p=12030"},"modified":"2021-03-25T15:04:45","modified_gmt":"2021-03-25T15:04:45","slug":"a-45-anos-del-golpe-en-arroyito-tambien-plantamos-memoria","status":"publish","type":"post","link":"https:\/\/arroyitoonline.com.ar\/?p=12030","title":{"rendered":"A 45 a\u00f1os del golpe: en Arroyito tambi\u00e9n plantamos memoria"},"content":{"rendered":"\n<p><strong>El grupo Somos Pocos, Estamos Todos y el Gobierno Municipal plantaron un \u00e1rbol en la Plaza de los Homenajes. <\/strong><\/p>\n\n\n\n<p>Ayer, el grupo <strong>Somos Pocos, Estamos Todos<\/strong>, se reuni\u00f3 en la Plaza de los Homenajes para la conmemoraci\u00f3n del D\u00eda de la Memoria, por la Verdad y la Justicia.<\/p>\n\n\n\n<p>El a\u00f1o pasado, tras un 24 de marzo particular, con el anuncio del Aislamiento Social Preventivo y Obligatorio, no pudo realizarse el tradicional encuentro. Esta vez, a la iniciativa se sum\u00f3 FM Cooperativa 91.3, con la emisi\u00f3n de un programa especial. <\/p>\n\n\n\n<p>En la oportunidad, la consigna fue <em>&#8220;a 45 a\u00f1os del golpe, plantamos memoria&#8221;<\/em>. Por ello, los organizadores, junto al Gobierno Municipal -representado por la viceintendenta Mar\u00eda Jos\u00e9 Esp\u00f3sito, el secretario de Gobierno Jos\u00e9 Solera, la asesora de Ambiente y Energ\u00eda Lelia Imhof-, participaron de la plantaci\u00f3n de un \u00e1rbol, tal como se hizo en diversos actos de todo el pa\u00eds. <\/p>\n\n\n\n<figure class=\"wp-block-image size-large\"><img loading=\"lazy\" decoding=\"async\" width=\"1024\" height=\"683\" src=\"https:\/\/arroyitoonline.com.ar\/wp-content\/uploads\/2021\/03\/d\u00eda-de-la-memoria.jpeg\" alt=\"\" class=\"wp-image-12035\" srcset=\"https:\/\/arroyitoonline.com.ar\/wp-content\/uploads\/2021\/03\/d\u00eda-de-la-memoria.jpeg 1024w, https:\/\/arroyitoonline.com.ar\/wp-content\/uploads\/2021\/03\/d\u00eda-de-la-memoria-300x200.jpeg 300w, https:\/\/arroyitoonline.com.ar\/wp-content\/uploads\/2021\/03\/d\u00eda-de-la-memoria-768x512.jpeg 768w\" sizes=\"auto, (max-width: 1024px) 100vw, 1024px\" \/><figcaption><em>La placa colocada en nombre del Gobierno Municipal. <\/em><\/figcaption><\/figure>\n\n\n\n<p>Entre 1976 y 1983, cinco j\u00f3venes de nuestra localidad fueron v\u00edctimas del terrorismo de estado. Se trata de Jorge Carlos Depiante (1949-1975), Elvio Alberto Almada (1954-1975), Nora Gladis Meurzet (1955-1977), Norma Esther Meurzet (1955-1977) y Nelo Antonio Gasparini (1951-1977).<\/p>\n\n\n\n<p>A 45 a\u00f1os de aquel 24 de marzo de 1976, decimos Nunca M\u00e1s y bregamos por la memoria, la verdad y la justicia, por el fortalecimiento institucional y democr\u00e1tico de nuestra sociedad.<\/p>\n","protected":false},"excerpt":{"rendered":"<p>El grupo Somos Pocos, Estamos Todos y el Gobierno Municipal plantaron un \u00e1rbol en la Plaza de los Homenajes. Ayer,&hellip;<\/p>\n","protected":false},"author":3,"featured_media":12034,"comment_status":"closed","ping_status":"open","sticky":false,"template":"","format":"standard","meta":{"footnotes":""},"categories":[8],"tags":[29,58,66,67,836,288,294,1102,572,1222],"class_list":["post-12030","post","type-post","status-publish","format-standard","has-post-thumbnail","hentry","category-politica","tag-acto","tag-arboles","tag-arroyito","tag-arroyito-cordoba","tag-arroyito-online","tag-dia-de-la-memoria","tag-dictadura","tag-gobierno-municipal","tag-noticias-de-arroyito-y-zona","tag-plaza-de-los-homenajes"],"_links":{"self":[{"href":"https:\/\/arroyitoonline.com.ar\/index.php?rest_route=\/wp\/v2\/posts\/12030","targetHints":{"allow":["GET"]}}],"collection":[{"href":"https:\/\/arroyitoonline.com.ar\/index.php?rest_route=\/wp\/v2\/posts"}],"about":[{"href":"https:\/\/arroyitoonline.com.ar\/index.php?rest_route=\/wp\/v2\/types\/post"}],"author":[{"embeddable":true,"href":"https:\/\/arroyitoonline.com.ar\/index.php?rest_route=\/wp\/v2\/users\/3"}],"replies":[{"embeddable":true,"href":"https:\/\/arroyitoonline.com.ar\/index.php?rest_route=%2Fwp%2Fv2%2Fcomments&post=12030"}],"version-history":[{"count":1,"href":"https:\/\/arroyitoonline.com.ar\/index.php?rest_route=\/wp\/v2\/posts\/12030\/revisions"}],"predecessor-version":[{"id":12036,"href":"https:\/\/arroyitoonline.com.ar\/index.php?rest_route=\/wp\/v2\/posts\/12030\/revisions\/12036"}],"wp:featuredmedia":[{"embeddable":true,"href":"https:\/\/arroyitoonline.com.ar\/index.php?rest_route=\/wp\/v2\/media\/12034"}],"wp:attachment":[{"href":"https:\/\/arroyitoonline.com.ar\/index.php?rest_route=%2Fwp%2Fv2%2Fmedia&parent=12030"}],"wp:term":[{"taxonomy":"category","embeddable":true,"href":"https:\/\/arroyitoonline.com.ar\/index.php?rest_route=%2Fwp%2Fv2%2Fcategories&post=12030"},{"taxonomy":"post_tag","embeddable":true,"href":"https:\/\/arroyitoonline.com.ar\/index.php?rest_route=%2Fwp%2Fv2%2Ftags&post=12030"}],"curies":[{"name":"wp","href":"https:\/\/api.w.org\/{rel}","templated":true}]}}