{"id":12038,"date":"2021-03-25T15:17:32","date_gmt":"2021-03-25T15:17:32","guid":{"rendered":"https:\/\/arroyitoonline.com.ar\/?p=12038"},"modified":"2021-03-25T15:17:35","modified_gmt":"2021-03-25T15:17:35","slug":"joven-de-arroyito-denuncia-que-hombres-la-llevaron-a-un-galpon-la-golpearon-y-los-dos-me-violaron","status":"publish","type":"post","link":"https:\/\/arroyitoonline.com.ar\/?p=12038","title":{"rendered":"Joven de Arroyito denuncia que hombres la llevaron a un galp\u00f3n, la golpearon y \u00ablos dos me violaron\u00bb"},"content":{"rendered":"\n<p><strong><em>\u00abYo no puedo salir y ellos siguen libres. De hecho organizaron fiestas estos d\u00edas\u00bb<\/em>, lament\u00f3 la v\u00edctima que exige justicia.<\/strong><\/p>\n\n\n\n<p>Eran las 11:00 del s\u00e1bado 6 de marzo. Estaba en la zona del r\u00edo Xanaes de nuestra ciudad, cuando se encontr\u00f3 a una amiga junto a dos chicos. La invitaron a dar una vuelta y acept\u00f3. Primero pas\u00f3 por su casa, busc\u00f3 el cargador del tel\u00e9fono -su familia vio con qui\u00e9nes estaba- y continu\u00f3 dando vueltas en auto por la ciudad.<\/p>\n\n\n\n<p>Ya siendo la tarde, su amiga le pidi\u00f3 a los j\u00f3venes -mayores de 30 a\u00f1os- que la dejaran en su casa. A lo que la chica le solicit\u00f3 lo mismo. Sin embargo, a ella nunca la llevaron, a pesar de sus insistencias. <strong>Comenz\u00f3 a sentirse mal<\/strong>, estaban tomando alcohol de una jarra y en lugar de responder a su pedido,\u00a0<strong>fueron a un galp\u00f3n donde funciona un taller de autos<\/strong>. Al parecer, uno de los hombres trabaja ah\u00ed.<\/p>\n\n\n\n<p><strong><em>\u00abMe empec\u00e9 a sentir muy mal, me llevaron a un galp\u00f3n y los dos me violaron\u00bb<\/em><\/strong>, denunci\u00f3 la v\u00edctima en di\u00e1logo con\u00a0<em><strong>El Doce<\/strong><\/em>. Eran las 19:00 de ese mismo s\u00e1bado.<em> \u00abEstaba muy perdida, solo recuerdo que cuando me llevaron al galp\u00f3n\u00a0<strong>me dec\u00edan cosas sobre mi cuerpo, que los dos se turnaban y la cara de uno que estaba encima m\u00edo<\/strong>.\u00a0<strong>Pero despu\u00e9s no me acuerdo m\u00e1s nada<\/strong>\u00ab<\/em>, continu\u00f3 relatando.<\/p>\n\n\n\n<figure class=\"wp-block-image\"><img decoding=\"async\" src=\"https:\/\/cdn.eldoce.tv\/sites\/default\/files\/styles\/site_nota_slider_preview\/public\/violencia-de-genero-abuso-sexual.jpg?itok=_94GQ_yL\" alt=\"\"\/><\/figure>\n\n\n\n<p><em>\u00abEstaba muy perdida, como tonta. Me dejaron cerca de mi casa a las 4:00 de la madrugada del domingo.\u00a0<strong>Me dol\u00edan las piernas y cuando me baj\u00e9 el pantal\u00f3n ten\u00eda moretones<\/strong>, las rodillas hinchadas, la marca de un dedo en un brazo. Sinceramente, no s\u00e9 qu\u00e9 me hicieron\u00bb<\/em>, agreg\u00f3 la v\u00edctima.\u00a0La joven cree que le pusieron algo en la jarra de alcohol, ya que no puede entender <em>\u00abc\u00f3mo estaba tan perdida, c\u00f3mo no me acuerdo de nada\u00bb<\/em>.<\/p>\n\n\n\n<p>Despu\u00e9s de estar 16 horas perdida, realiz\u00f3 la denuncia en la Comisar\u00eda local. De all\u00ed, la derivaron al hospital, donde seg\u00fan relat\u00f3, solo le midieron los moretones y le dieron ibuprofeno para los dolores.<\/p>\n\n\n\n<p>El mi\u00e9rcoles 10 de marzo volvieron a llamarla para que presentara las prendas de vestir y luego la trasladaron al Polo de la Mujer a la ciudad de C\u00f3rdoba. De acuerdo a lo que cont\u00f3, le hicieron estudios ginecol\u00f3gicos y de sangre en el Hospital Rawson.<\/p>\n\n\n\n<figure class=\"wp-block-image\"><img decoding=\"async\" src=\"https:\/\/cdn.eldoce.tv\/sites\/default\/files\/styles\/site_nota_slider_preview\/public\/hospital-arroyito-violencia-genero.jpg?itok=nHvRt9EO\" alt=\"\"\/><\/figure>\n\n\n\n<p>En este momento est\u00e1 siendo asistida por una psic\u00f3loga tras recibir ayuda del Consejo de las Mujeres de Arroyito. <em>\u00abYo no puedo salir y ellos siguen libres. De hecho organizaron fiestas estos d\u00edas\u00bb<\/em>, lament\u00f3 la joven que exige justicia. Este viernes marchar\u00e1n frente a la Fiscal\u00eda de Instrucci\u00f3n local. <\/p>\n\n\n\n<p>Fuente: Eldocetv<\/p>\n","protected":false},"excerpt":{"rendered":"<p>\u00abYo no puedo salir y ellos siguen libres. De hecho organizaron fiestas estos d\u00edas\u00bb, lament\u00f3 la v\u00edctima que exige justicia.&hellip;<\/p>\n","protected":false},"author":3,"featured_media":8867,"comment_status":"closed","ping_status":"open","sticky":false,"template":"","format":"standard","meta":{"footnotes":""},"categories":[824],"tags":[21,66,67,836,232,1069,551,572,637,638,825,690,807],"class_list":["post-12038","post","type-post","status-publish","format-standard","has-post-thumbnail","hentry","category-policiales-online","tag-abuso-sexual","tag-arroyito","tag-arroyito-cordoba","tag-arroyito-online","tag-consejo-de-la-mujer","tag-costanera","tag-mujeres-arroyito","tag-noticias-de-arroyito-y-zona","tag-policiales","tag-policiales-arroyito","tag-policiales-online","tag-rio-xanaes","tag-violacion"],"_links":{"self":[{"href":"https:\/\/arroyitoonline.com.ar\/index.php?rest_route=\/wp\/v2\/posts\/12038","targetHints":{"allow":["GET"]}}],"collection":[{"href":"https:\/\/arroyitoonline.com.ar\/index.php?rest_route=\/wp\/v2\/posts"}],"about":[{"href":"https:\/\/arroyitoonline.com.ar\/index.php?rest_route=\/wp\/v2\/types\/post"}],"author":[{"embeddable":true,"href":"https:\/\/arroyitoonline.com.ar\/index.php?rest_route=\/wp\/v2\/users\/3"}],"replies":[{"embeddable":true,"href":"https:\/\/arroyitoonline.com.ar\/index.php?rest_route=%2Fwp%2Fv2%2Fcomments&post=12038"}],"version-history":[{"count":1,"href":"https:\/\/arroyitoonline.com.ar\/index.php?rest_route=\/wp\/v2\/posts\/12038\/revisions"}],"predecessor-version":[{"id":12039,"href":"https:\/\/arroyitoonline.com.ar\/index.php?rest_route=\/wp\/v2\/posts\/12038\/revisions\/12039"}],"wp:featuredmedia":[{"embeddable":true,"href":"https:\/\/arroyitoonline.com.ar\/index.php?rest_route=\/wp\/v2\/media\/8867"}],"wp:attachment":[{"href":"https:\/\/arroyitoonline.com.ar\/index.php?rest_route=%2Fwp%2Fv2%2Fmedia&parent=12038"}],"wp:term":[{"taxonomy":"category","embeddable":true,"href":"https:\/\/arroyitoonline.com.ar\/index.php?rest_route=%2Fwp%2Fv2%2Fcategories&post=12038"},{"taxonomy":"post_tag","embeddable":true,"href":"https:\/\/arroyitoonline.com.ar\/index.php?rest_route=%2Fwp%2Fv2%2Ftags&post=12038"}],"curies":[{"name":"wp","href":"https:\/\/api.w.org\/{rel}","templated":true}]}}