{"id":12047,"date":"2021-03-26T02:08:10","date_gmt":"2021-03-26T02:08:10","guid":{"rendered":"https:\/\/arroyitoonline.com.ar\/?p=12047"},"modified":"2021-03-26T02:08:11","modified_gmt":"2021-03-26T02:08:11","slug":"el-gobierno-municipal-avanza-en-la-remocion-de-autos-abandonados-en-la-via-publica","status":"publish","type":"post","link":"https:\/\/arroyitoonline.com.ar\/?p=12047","title":{"rendered":"El Gobierno Municipal avanza en la remoci\u00f3n de autos abandonados en la v\u00eda p\u00fablica"},"content":{"rendered":"\n<p><strong>La semana pasada, se han relevado m\u00e1s de 40 veh\u00edculos y el viernes 19 se removieron dos de la v\u00eda p\u00fablica.<\/strong><\/p>\n\n\n\n<p>La Direcci\u00f3n de Tr\u00e1nsito del Gobierno Municipal contin\u00faa con la tarea de relevamiento de los veh\u00edculos que presentan estado de abandono en la v\u00eda p\u00fablica y la notificaci\u00f3n a sus propietarios. <\/p>\n\n\n\n<p><strong>El \u00e1rea municipal otorga un plazo para su remoci\u00f3n y, en caso de que no se obtenga respuesta por parte del vecino, se procede mediante intervenci\u00f3n del Juzgado de Faltas para su debido procedimiento y resoluci\u00f3n.<\/strong><\/p>\n\n\n\n<p>La semana pasada, se han relevado m\u00e1s de 40 veh\u00edculos y el viernes 19 se removieron dos de la v\u00eda p\u00fablica. Es importante resaltar que los autos se ir\u00e1n levantando de manera progresiva y de acuerdo a un programa integral que maneja Tr\u00e1nsito, junto a diferentes \u00e1reas del Ejecutivo.<\/p>\n\n\n\n<p>Desde el Gobierno Municipal solicitan a los vecinos que tengan veh\u00edculos en este estado, que regularicen su situaci\u00f3n.<\/p>\n\n\n\n<p><strong>Ante consultas o dudas comunicarse o dirigirse a Direcci\u00f3n de Tr\u00e1nsito.<\/strong><\/p>\n","protected":false},"excerpt":{"rendered":"<p>La semana pasada, se han relevado m\u00e1s de 40 veh\u00edculos y el viernes 19 se removieron dos de la v\u00eda&hellip;<\/p>\n","protected":false},"author":3,"featured_media":12048,"comment_status":"closed","ping_status":"open","sticky":false,"template":"","format":"standard","meta":{"footnotes":""},"categories":[829],"tags":[66,67,836,295,1102,481,572],"class_list":["post-12047","post","type-post","status-publish","format-standard","has-post-thumbnail","hentry","category-municipales-online","tag-arroyito","tag-arroyito-cordoba","tag-arroyito-online","tag-direccion-de-transito","tag-gobierno-municipal","tag-juzgado","tag-noticias-de-arroyito-y-zona"],"_links":{"self":[{"href":"https:\/\/arroyitoonline.com.ar\/index.php?rest_route=\/wp\/v2\/posts\/12047","targetHints":{"allow":["GET"]}}],"collection":[{"href":"https:\/\/arroyitoonline.com.ar\/index.php?rest_route=\/wp\/v2\/posts"}],"about":[{"href":"https:\/\/arroyitoonline.com.ar\/index.php?rest_route=\/wp\/v2\/types\/post"}],"author":[{"embeddable":true,"href":"https:\/\/arroyitoonline.com.ar\/index.php?rest_route=\/wp\/v2\/users\/3"}],"replies":[{"embeddable":true,"href":"https:\/\/arroyitoonline.com.ar\/index.php?rest_route=%2Fwp%2Fv2%2Fcomments&post=12047"}],"version-history":[{"count":1,"href":"https:\/\/arroyitoonline.com.ar\/index.php?rest_route=\/wp\/v2\/posts\/12047\/revisions"}],"predecessor-version":[{"id":12049,"href":"https:\/\/arroyitoonline.com.ar\/index.php?rest_route=\/wp\/v2\/posts\/12047\/revisions\/12049"}],"wp:featuredmedia":[{"embeddable":true,"href":"https:\/\/arroyitoonline.com.ar\/index.php?rest_route=\/wp\/v2\/media\/12048"}],"wp:attachment":[{"href":"https:\/\/arroyitoonline.com.ar\/index.php?rest_route=%2Fwp%2Fv2%2Fmedia&parent=12047"}],"wp:term":[{"taxonomy":"category","embeddable":true,"href":"https:\/\/arroyitoonline.com.ar\/index.php?rest_route=%2Fwp%2Fv2%2Fcategories&post=12047"},{"taxonomy":"post_tag","embeddable":true,"href":"https:\/\/arroyitoonline.com.ar\/index.php?rest_route=%2Fwp%2Fv2%2Ftags&post=12047"}],"curies":[{"name":"wp","href":"https:\/\/api.w.org\/{rel}","templated":true}]}}