{"id":12074,"date":"2021-03-29T21:33:35","date_gmt":"2021-03-29T21:33:35","guid":{"rendered":"https:\/\/arroyitoonline.com.ar\/?p=12074"},"modified":"2021-03-29T21:33:37","modified_gmt":"2021-03-29T21:33:37","slug":"la-policia-desarticulo-una-fiesta-clandestina","status":"publish","type":"post","link":"https:\/\/arroyitoonline.com.ar\/?p=12074","title":{"rendered":"La Polic\u00eda desarticul\u00f3 una fiesta clandestina"},"content":{"rendered":"\n<p><strong>El evento estaba desarroll\u00e1ndose en una vivienda ubicada sobre la calle Domingo Ciancia.<\/strong><\/p>\n\n\n\n<p>El domingo a las 4:55 horas de la madrugada, la Polic\u00eda recibi\u00f3 varios llamados a la l\u00ednea de emergencias 101, dando aviso de una fiesta clandestina.<\/p>\n\n\n\n<p>El evento estaba desarroll\u00e1ndose en una vivienda ubicada sobre la calle Domingo Ciancia, donde se constituyeron uniformados que constataron la situaci\u00f3n.<\/p>\n\n\n\n<p>Acto seguido identificaron al due\u00f1o de la casa y responsable de la fiesta, como as\u00ed tambi\u00e9n a todos los que en ella se encontraban, labr\u00e1ndose a los asistentes las actas correspondientes, por infracci\u00f3n a la Ley 10.702 (<em>\u201cR\u00c9GIMEN SANCIONATORIO EXCEPCIONAL &#8211; EMERGENCIA SANITARIA &#8211; COVID19\u201d<\/em>).<\/p>\n\n\n\n<p>Fuente: informe del comisario Facundo Bosco | Jefe de la Comisar\u00eda Distrito Arroyito.<\/p>\n","protected":false},"excerpt":{"rendered":"<p>El evento estaba desarroll\u00e1ndose en una vivienda ubicada sobre la calle Domingo Ciancia. El domingo a las 4:55 horas de&hellip;<\/p>\n","protected":false},"author":3,"featured_media":0,"comment_status":"closed","ping_status":"open","sticky":false,"template":"","format":"standard","meta":{"footnotes":""},"categories":[824],"tags":[66,67,836,1108,1152,1167,1225,572,635,637,638,825],"class_list":["post-12074","post","type-post","status-publish","format-standard","hentry","category-policiales-online","tag-arroyito","tag-arroyito-cordoba","tag-arroyito-online","tag-coronavirus","tag-covid-19","tag-distanciamiento-social-preventivo-y-obligatorio","tag-fiesta-clandestina","tag-noticias-de-arroyito-y-zona","tag-policia","tag-policiales","tag-policiales-arroyito","tag-policiales-online"],"_links":{"self":[{"href":"https:\/\/arroyitoonline.com.ar\/index.php?rest_route=\/wp\/v2\/posts\/12074","targetHints":{"allow":["GET"]}}],"collection":[{"href":"https:\/\/arroyitoonline.com.ar\/index.php?rest_route=\/wp\/v2\/posts"}],"about":[{"href":"https:\/\/arroyitoonline.com.ar\/index.php?rest_route=\/wp\/v2\/types\/post"}],"author":[{"embeddable":true,"href":"https:\/\/arroyitoonline.com.ar\/index.php?rest_route=\/wp\/v2\/users\/3"}],"replies":[{"embeddable":true,"href":"https:\/\/arroyitoonline.com.ar\/index.php?rest_route=%2Fwp%2Fv2%2Fcomments&post=12074"}],"version-history":[{"count":1,"href":"https:\/\/arroyitoonline.com.ar\/index.php?rest_route=\/wp\/v2\/posts\/12074\/revisions"}],"predecessor-version":[{"id":12076,"href":"https:\/\/arroyitoonline.com.ar\/index.php?rest_route=\/wp\/v2\/posts\/12074\/revisions\/12076"}],"wp:attachment":[{"href":"https:\/\/arroyitoonline.com.ar\/index.php?rest_route=%2Fwp%2Fv2%2Fmedia&parent=12074"}],"wp:term":[{"taxonomy":"category","embeddable":true,"href":"https:\/\/arroyitoonline.com.ar\/index.php?rest_route=%2Fwp%2Fv2%2Fcategories&post=12074"},{"taxonomy":"post_tag","embeddable":true,"href":"https:\/\/arroyitoonline.com.ar\/index.php?rest_route=%2Fwp%2Fv2%2Ftags&post=12074"}],"curies":[{"name":"wp","href":"https:\/\/api.w.org\/{rel}","templated":true}]}}