{"id":12077,"date":"2021-03-29T21:44:11","date_gmt":"2021-03-29T21:44:11","guid":{"rendered":"https:\/\/arroyitoonline.com.ar\/?p=12077"},"modified":"2021-03-29T21:44:13","modified_gmt":"2021-03-29T21:44:13","slug":"detuvieron-a-un-joven-que-violento-a-su-pareja","status":"publish","type":"post","link":"https:\/\/arroyitoonline.com.ar\/?p=12077","title":{"rendered":"Detuvieron a un joven que violent\u00f3 a su pareja"},"content":{"rendered":"\n<p><strong>La v\u00edctima se present\u00f3 en la Comisar\u00eda local, con golpes visibles en su rostro.<\/strong><\/p>\n\n\n\n<p>Ayer a las 8:15 horas, se hizo presente en la Comisar\u00eda una joven de 21 a\u00f1os, quien manifest\u00f3 que hab\u00eda tenido una discusi\u00f3n y sufrido violencia f\u00edsica por parte de su pareja. La v\u00edctima presentaba golpes visibles en su rostro.<\/p>\n\n\n\n<p>A continuaci\u00f3n, la Polic\u00eda detuvo a un sujeto de 21 a\u00f1os, el cual qued\u00f3 alojado en la dependencia local, a disposici\u00f3n de la Fiscal\u00eda de Instrucci\u00f3n de nuestra ciudad.<\/p>\n\n\n\n<p>Fuente: informe del comisario Facundo Bosco | Jefe de la Comisar\u00eda Distrito Arroyito.<\/p>\n\n\n\n<p>Si padec\u00e9s alg\u00fan tipo de maltrato comunicate con la l\u00ednea gratuita de contenci\u00f3n, informaci\u00f3n y asesoramiento para la prevenci\u00f3n de la violencia de g\u00e9nero. Llam\u00e1 al 144. Ped\u00ed ayuda, es el primer paso.<\/p>\n","protected":false},"excerpt":{"rendered":"<p>La v\u00edctima se present\u00f3 en la Comisar\u00eda local, con golpes visibles en su rostro. Ayer a las 8:15 horas, se&hellip;<\/p>\n","protected":false},"author":3,"featured_media":8867,"comment_status":"closed","ping_status":"open","sticky":false,"template":"","format":"standard","meta":{"footnotes":""},"categories":[824],"tags":[66,67,836,572,635,637,638,825,808,809,810],"class_list":["post-12077","post","type-post","status-publish","format-standard","has-post-thumbnail","hentry","category-policiales-online","tag-arroyito","tag-arroyito-cordoba","tag-arroyito-online","tag-noticias-de-arroyito-y-zona","tag-policia","tag-policiales","tag-policiales-arroyito","tag-policiales-online","tag-violencia","tag-violencia-de-genero","tag-violencia-familiar"],"_links":{"self":[{"href":"https:\/\/arroyitoonline.com.ar\/index.php?rest_route=\/wp\/v2\/posts\/12077","targetHints":{"allow":["GET"]}}],"collection":[{"href":"https:\/\/arroyitoonline.com.ar\/index.php?rest_route=\/wp\/v2\/posts"}],"about":[{"href":"https:\/\/arroyitoonline.com.ar\/index.php?rest_route=\/wp\/v2\/types\/post"}],"author":[{"embeddable":true,"href":"https:\/\/arroyitoonline.com.ar\/index.php?rest_route=\/wp\/v2\/users\/3"}],"replies":[{"embeddable":true,"href":"https:\/\/arroyitoonline.com.ar\/index.php?rest_route=%2Fwp%2Fv2%2Fcomments&post=12077"}],"version-history":[{"count":1,"href":"https:\/\/arroyitoonline.com.ar\/index.php?rest_route=\/wp\/v2\/posts\/12077\/revisions"}],"predecessor-version":[{"id":12078,"href":"https:\/\/arroyitoonline.com.ar\/index.php?rest_route=\/wp\/v2\/posts\/12077\/revisions\/12078"}],"wp:featuredmedia":[{"embeddable":true,"href":"https:\/\/arroyitoonline.com.ar\/index.php?rest_route=\/wp\/v2\/media\/8867"}],"wp:attachment":[{"href":"https:\/\/arroyitoonline.com.ar\/index.php?rest_route=%2Fwp%2Fv2%2Fmedia&parent=12077"}],"wp:term":[{"taxonomy":"category","embeddable":true,"href":"https:\/\/arroyitoonline.com.ar\/index.php?rest_route=%2Fwp%2Fv2%2Fcategories&post=12077"},{"taxonomy":"post_tag","embeddable":true,"href":"https:\/\/arroyitoonline.com.ar\/index.php?rest_route=%2Fwp%2Fv2%2Ftags&post=12077"}],"curies":[{"name":"wp","href":"https:\/\/api.w.org\/{rel}","templated":true}]}}