{"id":12085,"date":"2021-03-30T14:52:53","date_gmt":"2021-03-30T14:52:53","guid":{"rendered":"https:\/\/arroyitoonline.com.ar\/?p=12085"},"modified":"2021-03-30T14:52:55","modified_gmt":"2021-03-30T14:52:55","slug":"covid-19-mauricio-cravero-ya-se-encuentra-en-una-sala-comun","status":"publish","type":"post","link":"https:\/\/arroyitoonline.com.ar\/?p=12085","title":{"rendered":"Covid-19: Mauricio Cravero ya se encuentra en una sala com\u00fan"},"content":{"rendered":"\n<p><strong>El exintendente se comunic\u00f3 en forma personal con Arroyito Online, mostr\u00e1ndose de buen \u00e1nimo y en franca recuperaci\u00f3n. <\/strong><\/p>\n\n\n\n<p>Anoche, el exintendente de Arroyito Mauricio Cravero fue trasladado a una sala com\u00fan del Hospital Rawson de la ciudad de C\u00f3rdoba, donde se encuentra internado desde el pasado s\u00e1bado 20 de marzo, completando su tratamiento por covid.  <\/p>\n\n\n\n<p>El concejal de la UCR seguir\u00e1 internado, ya sin la asistencia respiratoria mec\u00e1nica, haciendo todo el proceso de recuperaci\u00f3n. <\/p>\n\n\n\n<p>Hace instantes, Mauricio se comunic\u00f3 en forma personal con Arroyito Online expresando <em>&#8220;que se queden tranquilos, que estoy muy bien de salud y, si Dios quiere, nos veremos pronto&#8221;<\/em>.<\/p>\n\n\n\n<p>Con gran alegr\u00eda damos esta noticia, esperando que podamos reencontrarnos lo antes posible. <\/p>\n","protected":false},"excerpt":{"rendered":"<p>El exintendente se comunic\u00f3 en forma personal con Arroyito Online, mostr\u00e1ndose de buen \u00e1nimo y en franca recuperaci\u00f3n. Anoche, el&hellip;<\/p>\n","protected":false},"author":3,"featured_media":4703,"comment_status":"closed","ping_status":"open","sticky":false,"template":"","format":"standard","meta":{"footnotes":""},"categories":[900],"tags":[66,67,836,1108,1152,253,527,572,706],"class_list":["post-12085","post","type-post","status-publish","format-standard","has-post-thumbnail","hentry","category-noticias","tag-arroyito","tag-arroyito-cordoba","tag-arroyito-online","tag-coronavirus","tag-covid-19","tag-cravero","tag-mauricio-cravero","tag-noticias-de-arroyito-y-zona","tag-salud"],"_links":{"self":[{"href":"https:\/\/arroyitoonline.com.ar\/index.php?rest_route=\/wp\/v2\/posts\/12085","targetHints":{"allow":["GET"]}}],"collection":[{"href":"https:\/\/arroyitoonline.com.ar\/index.php?rest_route=\/wp\/v2\/posts"}],"about":[{"href":"https:\/\/arroyitoonline.com.ar\/index.php?rest_route=\/wp\/v2\/types\/post"}],"author":[{"embeddable":true,"href":"https:\/\/arroyitoonline.com.ar\/index.php?rest_route=\/wp\/v2\/users\/3"}],"replies":[{"embeddable":true,"href":"https:\/\/arroyitoonline.com.ar\/index.php?rest_route=%2Fwp%2Fv2%2Fcomments&post=12085"}],"version-history":[{"count":1,"href":"https:\/\/arroyitoonline.com.ar\/index.php?rest_route=\/wp\/v2\/posts\/12085\/revisions"}],"predecessor-version":[{"id":12086,"href":"https:\/\/arroyitoonline.com.ar\/index.php?rest_route=\/wp\/v2\/posts\/12085\/revisions\/12086"}],"wp:featuredmedia":[{"embeddable":true,"href":"https:\/\/arroyitoonline.com.ar\/index.php?rest_route=\/wp\/v2\/media\/4703"}],"wp:attachment":[{"href":"https:\/\/arroyitoonline.com.ar\/index.php?rest_route=%2Fwp%2Fv2%2Fmedia&parent=12085"}],"wp:term":[{"taxonomy":"category","embeddable":true,"href":"https:\/\/arroyitoonline.com.ar\/index.php?rest_route=%2Fwp%2Fv2%2Fcategories&post=12085"},{"taxonomy":"post_tag","embeddable":true,"href":"https:\/\/arroyitoonline.com.ar\/index.php?rest_route=%2Fwp%2Fv2%2Ftags&post=12085"}],"curies":[{"name":"wp","href":"https:\/\/api.w.org\/{rel}","templated":true}]}}