{"id":12092,"date":"2021-03-31T20:54:45","date_gmt":"2021-03-31T20:54:45","guid":{"rendered":"https:\/\/arroyitoonline.com.ar\/?p=12092"},"modified":"2021-03-31T20:54:47","modified_gmt":"2021-03-31T20:54:47","slug":"muralistas-locales-intervienen-paredes-y-espacios-publicos","status":"publish","type":"post","link":"https:\/\/arroyitoonline.com.ar\/?p=12092","title":{"rendered":"Muralistas locales intervienen paredes y espacios p\u00fablicos"},"content":{"rendered":"\n<p><strong>Desde la Casa de la Cultura convocaron a todos artistas locales que se caracterizan por el desarrollo de las t\u00e9cnicas del muralismo.<\/strong><\/p>\n\n\n\n<p>El intendente Gustavo Benedetti y la Secretar\u00eda de Educaci\u00f3n y Cultura, han convocado a distintos artistas para que realicen diversas intervenciones en espacios p\u00fablicos de la ciudad.<\/p>\n\n\n\n<p>Estos murales ya pueden observarse en diferentes paredes de dependencias municipales y otros muros, que los vecinos han solicitado sean intervenidos.<\/p>\n\n\n\n<p>Cabe destacar que<strong>, desde la Casa de la Cultura, se convoc\u00f3 a todos artistas locales que se caracterizan por el desarrollo de las t\u00e9cnicas del muralismo.<\/strong><\/p>\n\n\n\n<p><strong>En esta primera etapa los convocados fueron:<\/strong>\u00a0Francisco Farnochi (Casa de la Cultura y Auditorio Coral), Cristian Sandoval (Teatrillo Municipal), Wilson Ferreyra (Balneario Municipal), Andrea Moya (Plazoleta de las Malvinas), Mar\u00eda Laura Lescano (a realizarse en la plaza detr\u00e1s de Mariano Max).<\/p>\n\n\n\n<p><strong>El objetivo final es que los vecinos se conecten con las obras de nuestros artistas en lugares urbanos.<\/strong><\/p>\n","protected":false},"excerpt":{"rendered":"<p>Desde la Casa de la Cultura convocaron a todos artistas locales que se caracterizan por el desarrollo de las t\u00e9cnicas&hellip;<\/p>\n","protected":false},"author":3,"featured_media":12093,"comment_status":"closed","ping_status":"open","sticky":false,"template":"","format":"standard","meta":{"footnotes":""},"categories":[2],"tags":[66,67,836,1228,158,259,864,1102,1227,572],"class_list":["post-12092","post","type-post","status-publish","format-standard","has-post-thumbnail","hentry","category-cultura-y-espectaculos","tag-arroyito","tag-arroyito-cordoba","tag-arroyito-online","tag-artistas","tag-casa-de-la-cultura","tag-cultura","tag-cultura-y-espectaculos-online","tag-gobierno-municipal","tag-muralismo","tag-noticias-de-arroyito-y-zona"],"_links":{"self":[{"href":"https:\/\/arroyitoonline.com.ar\/index.php?rest_route=\/wp\/v2\/posts\/12092","targetHints":{"allow":["GET"]}}],"collection":[{"href":"https:\/\/arroyitoonline.com.ar\/index.php?rest_route=\/wp\/v2\/posts"}],"about":[{"href":"https:\/\/arroyitoonline.com.ar\/index.php?rest_route=\/wp\/v2\/types\/post"}],"author":[{"embeddable":true,"href":"https:\/\/arroyitoonline.com.ar\/index.php?rest_route=\/wp\/v2\/users\/3"}],"replies":[{"embeddable":true,"href":"https:\/\/arroyitoonline.com.ar\/index.php?rest_route=%2Fwp%2Fv2%2Fcomments&post=12092"}],"version-history":[{"count":1,"href":"https:\/\/arroyitoonline.com.ar\/index.php?rest_route=\/wp\/v2\/posts\/12092\/revisions"}],"predecessor-version":[{"id":12094,"href":"https:\/\/arroyitoonline.com.ar\/index.php?rest_route=\/wp\/v2\/posts\/12092\/revisions\/12094"}],"wp:featuredmedia":[{"embeddable":true,"href":"https:\/\/arroyitoonline.com.ar\/index.php?rest_route=\/wp\/v2\/media\/12093"}],"wp:attachment":[{"href":"https:\/\/arroyitoonline.com.ar\/index.php?rest_route=%2Fwp%2Fv2%2Fmedia&parent=12092"}],"wp:term":[{"taxonomy":"category","embeddable":true,"href":"https:\/\/arroyitoonline.com.ar\/index.php?rest_route=%2Fwp%2Fv2%2Fcategories&post=12092"},{"taxonomy":"post_tag","embeddable":true,"href":"https:\/\/arroyitoonline.com.ar\/index.php?rest_route=%2Fwp%2Fv2%2Ftags&post=12092"}],"curies":[{"name":"wp","href":"https:\/\/api.w.org\/{rel}","templated":true}]}}