{"id":12097,"date":"2021-04-06T02:49:17","date_gmt":"2021-04-06T02:49:17","guid":{"rendered":"https:\/\/arroyitoonline.com.ar\/?p=12097"},"modified":"2021-04-06T02:49:19","modified_gmt":"2021-04-06T02:49:19","slug":"en-allanamiento-la-policia-secuestro-un-telefono-celular-robado","status":"publish","type":"post","link":"https:\/\/arroyitoonline.com.ar\/?p=12097","title":{"rendered":"En allanamiento, la Polic\u00eda secuestr\u00f3 un tel\u00e9fono celular robado"},"content":{"rendered":"\n<p><strong>El procedimiento fue realizado en un local de venta de aparatos telef\u00f3nicos, por la Brigada Investigaciones. <\/strong><\/p>\n\n\n\n<p>El s\u00e1bado a las 18:00 horas, personal perteneciente a la Brigada Investigaciones de la Comisar\u00eda Distrito Arroyito se hizo presente en un local de venta de aparatos telef\u00f3nicos.<\/p>\n\n\n\n<p>All\u00ed, los uniformados cumplimentaron un procedimiento con orden de allanamiento otorgada por el Juzgado de Competencias M\u00faltiples de Arroyito.<\/p>\n\n\n\n<p>En el operativo, que arroj\u00f3 resultado positivo, secuestraron un tel\u00e9fono celular MOTO G9 plus de color champagne, que est\u00e1 relacionado a un hecho de hurto. Interviene en el caso, la Fiscal\u00eda de Instrucci\u00f3n de nuestra ciudad.<\/p>\n\n\n\n<p>Fuente: informe del comisario Facundo Bosco | Jefe de la Comisar\u00eda Distrito Arroyito.<\/p>\n","protected":false},"excerpt":{"rendered":"<p>El procedimiento fue realizado en un local de venta de aparatos telef\u00f3nicos, por la Brigada Investigaciones. El s\u00e1bado a las&hellip;<\/p>\n","protected":false},"author":3,"featured_media":0,"comment_status":"closed","ping_status":"open","sticky":false,"template":"","format":"standard","meta":{"footnotes":""},"categories":[824],"tags":[47,66,67,836,165,430,572,635,637,638,825],"class_list":["post-12097","post","type-post","status-publish","format-standard","hentry","category-policiales-online","tag-allanamiento","tag-arroyito","tag-arroyito-cordoba","tag-arroyito-online","tag-celulares-arroyito","tag-hurto","tag-noticias-de-arroyito-y-zona","tag-policia","tag-policiales","tag-policiales-arroyito","tag-policiales-online"],"_links":{"self":[{"href":"https:\/\/arroyitoonline.com.ar\/index.php?rest_route=\/wp\/v2\/posts\/12097","targetHints":{"allow":["GET"]}}],"collection":[{"href":"https:\/\/arroyitoonline.com.ar\/index.php?rest_route=\/wp\/v2\/posts"}],"about":[{"href":"https:\/\/arroyitoonline.com.ar\/index.php?rest_route=\/wp\/v2\/types\/post"}],"author":[{"embeddable":true,"href":"https:\/\/arroyitoonline.com.ar\/index.php?rest_route=\/wp\/v2\/users\/3"}],"replies":[{"embeddable":true,"href":"https:\/\/arroyitoonline.com.ar\/index.php?rest_route=%2Fwp%2Fv2%2Fcomments&post=12097"}],"version-history":[{"count":1,"href":"https:\/\/arroyitoonline.com.ar\/index.php?rest_route=\/wp\/v2\/posts\/12097\/revisions"}],"predecessor-version":[{"id":12098,"href":"https:\/\/arroyitoonline.com.ar\/index.php?rest_route=\/wp\/v2\/posts\/12097\/revisions\/12098"}],"wp:attachment":[{"href":"https:\/\/arroyitoonline.com.ar\/index.php?rest_route=%2Fwp%2Fv2%2Fmedia&parent=12097"}],"wp:term":[{"taxonomy":"category","embeddable":true,"href":"https:\/\/arroyitoonline.com.ar\/index.php?rest_route=%2Fwp%2Fv2%2Fcategories&post=12097"},{"taxonomy":"post_tag","embeddable":true,"href":"https:\/\/arroyitoonline.com.ar\/index.php?rest_route=%2Fwp%2Fv2%2Ftags&post=12097"}],"curies":[{"name":"wp","href":"https:\/\/api.w.org\/{rel}","templated":true}]}}