{"id":12101,"date":"2021-04-06T03:03:53","date_gmt":"2021-04-06T03:03:53","guid":{"rendered":"https:\/\/arroyitoonline.com.ar\/?p=12101"},"modified":"2021-04-06T03:03:55","modified_gmt":"2021-04-06T03:03:55","slug":"detuvieron-en-arroyito-a-un-hombre-que-tenia-pedido-de-captura-desde-cordoba","status":"publish","type":"post","link":"https:\/\/arroyitoonline.com.ar\/?p=12101","title":{"rendered":"Detuvieron en Arroyito, a un hombre que ten\u00eda pedido de captura desde C\u00f3rdoba"},"content":{"rendered":"\n<p><strong>Fue en el marco de un control de Polic\u00eda Caminera. El sujeto tiene 43 a\u00f1os. <\/strong><\/p>\n\n\n\n<p>El domingo a las 10:05 horas, personal perteneciente a la Direcci\u00f3n General de Polic\u00eda Caminera procedi\u00f3 al control de un veh\u00edculo Renault Clio.<\/p>\n\n\n\n<p>En el interior del auto se encontraba un hombre de 43 a\u00f1os quien, al ser consultado por sistema policial, presentaba pedido de captura desde la ciudad de C\u00f3rdoba.<\/p>\n\n\n\n<p>Acto seguido, la Polic\u00eda procedi\u00f3 a su inmediata aprehensi\u00f3n y lo traslad\u00f3 a la Comisar\u00eda local, donde qued\u00f3 a disposici\u00f3n de la Fiscal\u00eda de Instrucci\u00f3n de esta ciudad.<\/p>\n\n\n\n<p>Fuente: informe del comisario Facundo Bosco | Jefe de la Comisar\u00eda Distrito Arroyito.<\/p>\n\n\n\n<p>Imagen de portada, solo a modo ilustrativo. <\/p>\n","protected":false},"excerpt":{"rendered":"<p>Fue en el marco de un control de Polic\u00eda Caminera. El sujeto tiene 43 a\u00f1os. El domingo a las 10:05&hellip;<\/p>\n","protected":false},"author":3,"featured_media":2876,"comment_status":"closed","ping_status":"open","sticky":false,"template":"","format":"standard","meta":{"footnotes":""},"categories":[824],"tags":[66,67,836,285,572,1229,635,636,637,638,825],"class_list":["post-12101","post","type-post","status-publish","format-standard","has-post-thumbnail","hentry","category-policiales-online","tag-arroyito","tag-arroyito-cordoba","tag-arroyito-online","tag-detencion","tag-noticias-de-arroyito-y-zona","tag-pedido-de-captura","tag-policia","tag-policia-caminera","tag-policiales","tag-policiales-arroyito","tag-policiales-online"],"_links":{"self":[{"href":"https:\/\/arroyitoonline.com.ar\/index.php?rest_route=\/wp\/v2\/posts\/12101","targetHints":{"allow":["GET"]}}],"collection":[{"href":"https:\/\/arroyitoonline.com.ar\/index.php?rest_route=\/wp\/v2\/posts"}],"about":[{"href":"https:\/\/arroyitoonline.com.ar\/index.php?rest_route=\/wp\/v2\/types\/post"}],"author":[{"embeddable":true,"href":"https:\/\/arroyitoonline.com.ar\/index.php?rest_route=\/wp\/v2\/users\/3"}],"replies":[{"embeddable":true,"href":"https:\/\/arroyitoonline.com.ar\/index.php?rest_route=%2Fwp%2Fv2%2Fcomments&post=12101"}],"version-history":[{"count":1,"href":"https:\/\/arroyitoonline.com.ar\/index.php?rest_route=\/wp\/v2\/posts\/12101\/revisions"}],"predecessor-version":[{"id":12102,"href":"https:\/\/arroyitoonline.com.ar\/index.php?rest_route=\/wp\/v2\/posts\/12101\/revisions\/12102"}],"wp:featuredmedia":[{"embeddable":true,"href":"https:\/\/arroyitoonline.com.ar\/index.php?rest_route=\/wp\/v2\/media\/2876"}],"wp:attachment":[{"href":"https:\/\/arroyitoonline.com.ar\/index.php?rest_route=%2Fwp%2Fv2%2Fmedia&parent=12101"}],"wp:term":[{"taxonomy":"category","embeddable":true,"href":"https:\/\/arroyitoonline.com.ar\/index.php?rest_route=%2Fwp%2Fv2%2Fcategories&post=12101"},{"taxonomy":"post_tag","embeddable":true,"href":"https:\/\/arroyitoonline.com.ar\/index.php?rest_route=%2Fwp%2Fv2%2Ftags&post=12101"}],"curies":[{"name":"wp","href":"https:\/\/api.w.org\/{rel}","templated":true}]}}