{"id":12158,"date":"2021-04-09T03:32:49","date_gmt":"2021-04-09T03:32:49","guid":{"rendered":"https:\/\/arroyitoonline.com.ar\/?p=12158"},"modified":"2021-04-09T14:36:16","modified_gmt":"2021-04-09T14:36:16","slug":"mauricio-cravero-no-cobrara-por-atender-en-la-oficina-de-participacion-ciudadana","status":"publish","type":"post","link":"https:\/\/arroyitoonline.com.ar\/?p=12158","title":{"rendered":"Mauricio Cravero no cobrar\u00e1 por atender en la Oficina de Participaci\u00f3n Ciudadana"},"content":{"rendered":"\n<p><strong>Siendo intendente, el contador ya hab\u00eda hecho cr\u00edticas p\u00fablicas a este adicional percibido por los ediles.<\/strong><\/p>\n\n\n\n<p>El concejal de la Uni\u00f3n C\u00edvica Radical Mauricio Cravero, quien la semana pasada fue dado de alta luego de atravesar un cuadro severo de covid-19, renunci\u00f3 al cobro del adicional por la atenci\u00f3n en la Oficina de Participaci\u00f3n Ciudadana, pol\u00e9mico \u00edtem que \u00e9l mismo hab\u00eda criticado siendo primer mandatario local. <\/p>\n\n\n\n<div class=\"wp-block-image\"><figure class=\"aligncenter size-large\"><img loading=\"lazy\" decoding=\"async\" width=\"744\" height=\"1024\" src=\"https:\/\/arroyitoonline.com.ar\/wp-content\/uploads\/2021\/04\/nota-cravero-renuncia-cobro-adicional-oficina-de-participaci\u00f3n-1-744x1024.jpg\" alt=\"\" class=\"wp-image-12160\" srcset=\"https:\/\/arroyitoonline.com.ar\/wp-content\/uploads\/2021\/04\/nota-cravero-renuncia-cobro-adicional-oficina-de-participaci\u00f3n-1-744x1024.jpg 744w, https:\/\/arroyitoonline.com.ar\/wp-content\/uploads\/2021\/04\/nota-cravero-renuncia-cobro-adicional-oficina-de-participaci\u00f3n-1-218x300.jpg 218w, https:\/\/arroyitoonline.com.ar\/wp-content\/uploads\/2021\/04\/nota-cravero-renuncia-cobro-adicional-oficina-de-participaci\u00f3n-1-768x1057.jpg 768w, https:\/\/arroyitoonline.com.ar\/wp-content\/uploads\/2021\/04\/nota-cravero-renuncia-cobro-adicional-oficina-de-participaci\u00f3n-1.jpg 930w\" sizes=\"auto, (max-width: 744px) 100vw, 744px\" \/><figcaption><em>Una copia de la nota, donde Cravero deja claro que atender\u00e1 a los vecinos pero no percibir\u00e1 el adicional. <\/em><\/figcaption><\/figure><\/div>\n\n\n\n<p>El exintendente por dos per\u00edodos envi\u00f3 una nota dirigida a la viceintendenta y presidenta natural del Concejo Deliberante, Mar\u00eda Jos\u00e9 Esp\u00f3sito, donde le manifest\u00f3 su decisi\u00f3n de<em> &#8220;NO cobrar en mi dieta, el monto destinado a la Oficina de Participaci\u00f3n Ciudadana&#8221; <\/em>dejando en claro que atender\u00e1 a los vecinos, pero no percibir\u00e1 el extra.<\/p>\n\n\n\n<p>Por \u00faltimo, en la misiva con fecha marzo de 2021, Cravero pide que se le notifique su determinaci\u00f3n al \u00e1rea de sueldos y que su solicitud quede expresada en una resoluci\u00f3n. <\/p>\n","protected":false},"excerpt":{"rendered":"<p>Siendo intendente, el contador ya hab\u00eda hecho cr\u00edticas p\u00fablicas a este adicional percibido por los ediles. El concejal de la&hellip;<\/p>\n","protected":false},"author":3,"featured_media":4703,"comment_status":"closed","ping_status":"open","sticky":false,"template":"","format":"standard","meta":{"footnotes":""},"categories":[920],"tags":[66,67,836,891,226,227,253,527,572,1232],"class_list":["post-12158","post","type-post","status-publish","format-standard","has-post-thumbnail","hentry","category-concejo-deliberante-online","tag-arroyito","tag-arroyito-cordoba","tag-arroyito-online","tag-concejales","tag-concejo","tag-concejo-deliberante","tag-cravero","tag-mauricio-cravero","tag-noticias-de-arroyito-y-zona","tag-oficina-de-participacion-ciudadana"],"_links":{"self":[{"href":"https:\/\/arroyitoonline.com.ar\/index.php?rest_route=\/wp\/v2\/posts\/12158","targetHints":{"allow":["GET"]}}],"collection":[{"href":"https:\/\/arroyitoonline.com.ar\/index.php?rest_route=\/wp\/v2\/posts"}],"about":[{"href":"https:\/\/arroyitoonline.com.ar\/index.php?rest_route=\/wp\/v2\/types\/post"}],"author":[{"embeddable":true,"href":"https:\/\/arroyitoonline.com.ar\/index.php?rest_route=\/wp\/v2\/users\/3"}],"replies":[{"embeddable":true,"href":"https:\/\/arroyitoonline.com.ar\/index.php?rest_route=%2Fwp%2Fv2%2Fcomments&post=12158"}],"version-history":[{"count":2,"href":"https:\/\/arroyitoonline.com.ar\/index.php?rest_route=\/wp\/v2\/posts\/12158\/revisions"}],"predecessor-version":[{"id":12168,"href":"https:\/\/arroyitoonline.com.ar\/index.php?rest_route=\/wp\/v2\/posts\/12158\/revisions\/12168"}],"wp:featuredmedia":[{"embeddable":true,"href":"https:\/\/arroyitoonline.com.ar\/index.php?rest_route=\/wp\/v2\/media\/4703"}],"wp:attachment":[{"href":"https:\/\/arroyitoonline.com.ar\/index.php?rest_route=%2Fwp%2Fv2%2Fmedia&parent=12158"}],"wp:term":[{"taxonomy":"category","embeddable":true,"href":"https:\/\/arroyitoonline.com.ar\/index.php?rest_route=%2Fwp%2Fv2%2Fcategories&post=12158"},{"taxonomy":"post_tag","embeddable":true,"href":"https:\/\/arroyitoonline.com.ar\/index.php?rest_route=%2Fwp%2Fv2%2Ftags&post=12158"}],"curies":[{"name":"wp","href":"https:\/\/api.w.org\/{rel}","templated":true}]}}