{"id":12172,"date":"2021-04-12T14:45:50","date_gmt":"2021-04-12T14:45:50","guid":{"rendered":"https:\/\/arroyitoonline.com.ar\/?p=12172"},"modified":"2021-04-12T14:45:51","modified_gmt":"2021-04-12T14:45:51","slug":"covid-19-el-concejo-deliberante-aprobo-las-restricciones-de-circulacion-nocturna","status":"publish","type":"post","link":"https:\/\/arroyitoonline.com.ar\/?p=12172","title":{"rendered":"Covid-19: el Concejo Deliberante aprob\u00f3 las restricciones de circulaci\u00f3n nocturna"},"content":{"rendered":"\n<p><strong>Participaron seis de los nueve ediles. <strong>El Radicalismo dio qu\u00f3rum.<\/strong><\/strong> <strong>El acta fue ratificada por unanimidad de los presentes. <\/strong><\/p>\n\n\n\n<p>El jueves pasado, 424 intendentes y jefes comunales cordobeses se reunieron, de manera virtual, con el gobernador Juan Schiaretti, el vicegobernador Manuel Calvo y los ministros de Gobierno y Salud, Facundo Torres y Diego Cardozo.<\/p>\n\n\n\n<p>Tras el encuentro, los mandatarios firmaron un acta acuerdo, con nuevas restricciones, para la mitigaci\u00f3n de contagios de covid-19 durante la denominada segunda ola. <\/p>\n\n\n\n<p><strong>Hoy, por pedido del Ejecutivo Municipal, el Concejo Deliberante de Arroyito se reuni\u00f3 en Sesi\u00f3n Especial y aprob\u00f3 las restricciones por unanimidad de los presentes.<\/strong><\/p>\n\n\n\n<p>Participaron de la sesi\u00f3n, seis de los nueve ediles. Por el Oficialismo, Marcelo Ferrero, Jaquelina Ver\u00f3n, Jos\u00e9 Luis Colazo y Alejandra D\u00edaz. Por la minor\u00eda, y dando qu\u00f3rum, solo los radicales Mauricio Cravero y Lidia Mart\u00ednez. <\/p>\n\n\n\n<p><strong>Las medidas, que se pondr\u00e1n en vigencia en cuanto Benedetti promulgue y publique la Ordenanza, tendr\u00e1s validez hasta el viernes 30 de abril. El Acta, que corresponde al Decreto 281 del gobernador Juan Schiaretti, se detalla a continuaci\u00f3n:<\/strong><\/p>\n\n\n\n<figure class=\"wp-block-image size-large\"><img loading=\"lazy\" decoding=\"async\" width=\"740\" height=\"1024\" src=\"https:\/\/arroyitoonline.com.ar\/wp-content\/uploads\/2021\/04\/acta-acuerdo-intendentes-gobernador-1-740x1024.jpg\" alt=\"\" class=\"wp-image-12174\" srcset=\"https:\/\/arroyitoonline.com.ar\/wp-content\/uploads\/2021\/04\/acta-acuerdo-intendentes-gobernador-1-740x1024.jpg 740w, https:\/\/arroyitoonline.com.ar\/wp-content\/uploads\/2021\/04\/acta-acuerdo-intendentes-gobernador-1-217x300.jpg 217w, https:\/\/arroyitoonline.com.ar\/wp-content\/uploads\/2021\/04\/acta-acuerdo-intendentes-gobernador-1-768x1063.jpg 768w, https:\/\/arroyitoonline.com.ar\/wp-content\/uploads\/2021\/04\/acta-acuerdo-intendentes-gobernador-1.jpg 925w\" sizes=\"auto, (max-width: 740px) 100vw, 740px\" \/><\/figure>\n","protected":false},"excerpt":{"rendered":"<p>Participaron seis de los nueve ediles. El Radicalismo dio qu\u00f3rum. El acta fue ratificada por unanimidad de los presentes. El&hellip;<\/p>\n","protected":false},"author":3,"featured_media":12175,"comment_status":"closed","ping_status":"open","sticky":false,"template":"","format":"standard","meta":{"footnotes":""},"categories":[920],"tags":[66,67,836,891,226,227,1108,1152,1167,1102,556,572,1211],"class_list":["post-12172","post","type-post","status-publish","format-standard","has-post-thumbnail","hentry","category-concejo-deliberante-online","tag-arroyito","tag-arroyito-cordoba","tag-arroyito-online","tag-concejales","tag-concejo","tag-concejo-deliberante","tag-coronavirus","tag-covid-19","tag-distanciamiento-social-preventivo-y-obligatorio","tag-gobierno-municipal","tag-municipalidad-de-arroyito","tag-noticias-de-arroyito-y-zona","tag-teatrillo-municipal-jose-francisco-guarch"],"_links":{"self":[{"href":"https:\/\/arroyitoonline.com.ar\/index.php?rest_route=\/wp\/v2\/posts\/12172","targetHints":{"allow":["GET"]}}],"collection":[{"href":"https:\/\/arroyitoonline.com.ar\/index.php?rest_route=\/wp\/v2\/posts"}],"about":[{"href":"https:\/\/arroyitoonline.com.ar\/index.php?rest_route=\/wp\/v2\/types\/post"}],"author":[{"embeddable":true,"href":"https:\/\/arroyitoonline.com.ar\/index.php?rest_route=\/wp\/v2\/users\/3"}],"replies":[{"embeddable":true,"href":"https:\/\/arroyitoonline.com.ar\/index.php?rest_route=%2Fwp%2Fv2%2Fcomments&post=12172"}],"version-history":[{"count":1,"href":"https:\/\/arroyitoonline.com.ar\/index.php?rest_route=\/wp\/v2\/posts\/12172\/revisions"}],"predecessor-version":[{"id":12176,"href":"https:\/\/arroyitoonline.com.ar\/index.php?rest_route=\/wp\/v2\/posts\/12172\/revisions\/12176"}],"wp:featuredmedia":[{"embeddable":true,"href":"https:\/\/arroyitoonline.com.ar\/index.php?rest_route=\/wp\/v2\/media\/12175"}],"wp:attachment":[{"href":"https:\/\/arroyitoonline.com.ar\/index.php?rest_route=%2Fwp%2Fv2%2Fmedia&parent=12172"}],"wp:term":[{"taxonomy":"category","embeddable":true,"href":"https:\/\/arroyitoonline.com.ar\/index.php?rest_route=%2Fwp%2Fv2%2Fcategories&post=12172"},{"taxonomy":"post_tag","embeddable":true,"href":"https:\/\/arroyitoonline.com.ar\/index.php?rest_route=%2Fwp%2Fv2%2Ftags&post=12172"}],"curies":[{"name":"wp","href":"https:\/\/api.w.org\/{rel}","templated":true}]}}