{"id":12181,"date":"2021-04-12T17:46:37","date_gmt":"2021-04-12T17:46:37","guid":{"rendered":"https:\/\/arroyitoonline.com.ar\/?p=12181"},"modified":"2021-04-12T17:48:48","modified_gmt":"2021-04-12T17:48:48","slug":"se-puso-en-marcha-la-vacunacion-antigripal-2021","status":"publish","type":"post","link":"https:\/\/arroyitoonline.com.ar\/?p=12181","title":{"rendered":"Se puso en marcha la vacunaci\u00f3n antigripal 2021"},"content":{"rendered":"\n<p><strong>La inoculaci\u00f3n se realiza, en simult\u00e1neo, en el Hospital Municipal de Autogesti\u00f3n Carlos J. Rodr\u00edguez y el Sal\u00f3n Parroquial.&nbsp;<\/strong><\/p>\n\n\n\n<p><strong>Hoy lunes 12 de abril comenz\u00f3 la vacunaci\u00f3n antigripal <\/strong>para los vecinos de nuestra ciudad y los parajes. Esta vez, se desarrolla en simult\u00e1neo, en el Hospital Municipal de Autogesti\u00f3n Carlos J. Rodr\u00edguez y el Sal\u00f3n Parroquial.<\/p>\n\n\n\n<p><strong>Adem\u00e1s, hoy un equipo de vacunadoras se dirige a cada uno de los geri\u00e1tricos y residencias de adultos mayores, para inocular a los residentes y al personal que trabaja en esos lugares.<\/strong><\/p>\n\n\n\n<p>Es importante destacar que, quienes <strong>ya cuenten con la primera dosis de la vacuna contra el covid-19, deber\u00e1n presentar el carnet que se les entreg\u00f3 cuando fueron inmunizados,\u00a0<\/strong>ya que es necesario que esperen 14 d\u00edas entre la inoculaci\u00f3n del coronavirus y la vacuna contra la gripe. <\/p>\n\n\n\n<div class=\"wp-block-image\"><figure class=\"aligncenter size-large\"><img loading=\"lazy\" decoding=\"async\" width=\"1024\" height=\"1024\" src=\"https:\/\/arroyitoonline.com.ar\/wp-content\/uploads\/2021\/04\/vacunacion-antigripal-2021-1024x1024.jpeg\" alt=\"\" class=\"wp-image-12182\" srcset=\"https:\/\/arroyitoonline.com.ar\/wp-content\/uploads\/2021\/04\/vacunacion-antigripal-2021-1024x1024.jpeg 1024w, https:\/\/arroyitoonline.com.ar\/wp-content\/uploads\/2021\/04\/vacunacion-antigripal-2021-300x300.jpeg 300w, https:\/\/arroyitoonline.com.ar\/wp-content\/uploads\/2021\/04\/vacunacion-antigripal-2021-150x150.jpeg 150w, https:\/\/arroyitoonline.com.ar\/wp-content\/uploads\/2021\/04\/vacunacion-antigripal-2021-768x768.jpeg 768w, https:\/\/arroyitoonline.com.ar\/wp-content\/uploads\/2021\/04\/vacunacion-antigripal-2021.jpeg 1280w\" sizes=\"auto, (max-width: 1024px) 100vw, 1024px\" \/><\/figure><\/div>\n\n\n\n<p><em>CRONOGRAMA<\/em><\/p>\n\n\n\n<p><strong>Vacunatorio Hospital: de lunes a viernes de 7:30 a 15:30 horas<\/strong><\/p>\n\n\n\n<ul class=\"wp-block-list\"><li><strong>De seis meses a 24 meses (dos a\u00f1os):<\/strong>&nbsp;asistir con carnet de vacunaci\u00f3n, ya que forma parte del calendario oficial.<\/li><li><strong>De 25 meses a 17 a\u00f1os:<\/strong>&nbsp;deber\u00e1 presentar el certificado que acredite que presenta factor de riesgo o enfermedades cr\u00f3nicas.<\/li><\/ul>\n\n\n\n<p><strong>Vacunatorio Sal\u00f3n Parroquial: de lunes a viernes de 14:00 a 18:00 horas<\/strong><\/p>\n\n\n\n<ul class=\"wp-block-list\"><li><strong>De 18 a 64 a\u00f1os:<\/strong>&nbsp;presentarse con certificado que acredite factor de riesgo.<\/li><li><strong>De 65 a\u00f1os en adelante:<\/strong>&nbsp;sin certificado.<\/li><\/ul>\n\n\n\n<p>Comprenden el&nbsp;<strong>grupo de riesgo<\/strong>&nbsp;las personas que son inmuno-deprimidas: diab\u00e9ticos, oncol\u00f3gicos, tratamiento con corticoide prolongado, asm\u00e1ticos \u2013 EPOC, hipertensi\u00f3n, enfermedad cardiovascular, personas con comorbilidad.<\/p>\n\n\n\n<p><strong>Todos los vecinos que asistan deben respetar las normas de bioseguridad vigentes.<\/strong><\/p>\n\n\n\n<p><strong>Los turnos son por orden de llegada.<\/strong><\/p>\n","protected":false},"excerpt":{"rendered":"<p>La inoculaci\u00f3n se realiza, en simult\u00e1neo, en el Hospital Municipal de Autogesti\u00f3n Carlos J. Rodr\u00edguez y el Sal\u00f3n Parroquial.&nbsp; Hoy&hellip;<\/p>\n","protected":false},"author":3,"featured_media":8623,"comment_status":"closed","ping_status":"open","sticky":false,"template":"","format":"standard","meta":{"footnotes":""},"categories":[9],"tags":[66,67,836,426,1177,572,705,706,789,790],"class_list":["post-12181","post","type-post","status-publish","format-standard","has-post-thumbnail","hentry","category-infosalud","tag-arroyito","tag-arroyito-cordoba","tag-arroyito-online","tag-hospital","tag-hospital-municipal-carlos-j-rodriguez","tag-noticias-de-arroyito-y-zona","tag-salon-parroquial","tag-salud","tag-vacuna-antigripal","tag-vacunacion"],"_links":{"self":[{"href":"https:\/\/arroyitoonline.com.ar\/index.php?rest_route=\/wp\/v2\/posts\/12181","targetHints":{"allow":["GET"]}}],"collection":[{"href":"https:\/\/arroyitoonline.com.ar\/index.php?rest_route=\/wp\/v2\/posts"}],"about":[{"href":"https:\/\/arroyitoonline.com.ar\/index.php?rest_route=\/wp\/v2\/types\/post"}],"author":[{"embeddable":true,"href":"https:\/\/arroyitoonline.com.ar\/index.php?rest_route=\/wp\/v2\/users\/3"}],"replies":[{"embeddable":true,"href":"https:\/\/arroyitoonline.com.ar\/index.php?rest_route=%2Fwp%2Fv2%2Fcomments&post=12181"}],"version-history":[{"count":2,"href":"https:\/\/arroyitoonline.com.ar\/index.php?rest_route=\/wp\/v2\/posts\/12181\/revisions"}],"predecessor-version":[{"id":12184,"href":"https:\/\/arroyitoonline.com.ar\/index.php?rest_route=\/wp\/v2\/posts\/12181\/revisions\/12184"}],"wp:featuredmedia":[{"embeddable":true,"href":"https:\/\/arroyitoonline.com.ar\/index.php?rest_route=\/wp\/v2\/media\/8623"}],"wp:attachment":[{"href":"https:\/\/arroyitoonline.com.ar\/index.php?rest_route=%2Fwp%2Fv2%2Fmedia&parent=12181"}],"wp:term":[{"taxonomy":"category","embeddable":true,"href":"https:\/\/arroyitoonline.com.ar\/index.php?rest_route=%2Fwp%2Fv2%2Fcategories&post=12181"},{"taxonomy":"post_tag","embeddable":true,"href":"https:\/\/arroyitoonline.com.ar\/index.php?rest_route=%2Fwp%2Fv2%2Ftags&post=12181"}],"curies":[{"name":"wp","href":"https:\/\/api.w.org\/{rel}","templated":true}]}}