{"id":12187,"date":"2021-04-12T21:11:52","date_gmt":"2021-04-12T21:11:52","guid":{"rendered":"https:\/\/arroyitoonline.com.ar\/?p=12187"},"modified":"2021-04-12T21:11:55","modified_gmt":"2021-04-12T21:11:55","slug":"sortearan-nuevos-integrantes-de-la-comision-de-seguimiento-de-los-planes-de-viviendas","status":"publish","type":"post","link":"https:\/\/arroyitoonline.com.ar\/?p=12187","title":{"rendered":"Sortear\u00e1n nuevos integrantes de la Comisi\u00f3n de Seguimiento de los planes de viviendas"},"content":{"rendered":"\n<p><strong>Se sortear\u00e1n cuatro suplentes pertenecientes al Plan Casa Social y un titular <strong>y seis suplentes<\/strong><\/strong> <strong>del Plan Casa.<\/strong><\/p>\n\n\n\n<p>El mi\u00e9rcoles 14 de abril a las 12:00 horas, en el Auditorio Coral, <strong>la Municipalidad har\u00e1 el sorteo p\u00fablico de nuevos integrantes de la Comisi\u00f3n de Seguimiento de los Planes Municipales de Vivienda Plan Cas y Plan Casa Social.<\/strong><\/p>\n\n\n\n<p><strong>En esta ocasi\u00f3n se sortear\u00e1n <strong>cuatro suplentes pertenecientes al Plan Casa Social y un titular <strong>y seis suplentes<\/strong><\/strong> <strong>del Plan Casa.<\/strong><\/strong><\/p>\n\n\n\n<p><strong>El padr\u00f3n, integrado por los adherentes que tengan paga la cuota de enero de 2021, hasta el 9 de abril inclusive, se encontrar\u00e1 expuesto, para su p\u00fablico conocimiento, en el establecimiento donde funciona la oficina del \u00e1rea, ubicada en General Paz 941, a partir del d\u00eda de hoy. \u00a0<\/strong><\/p>\n\n\n\n<p>El sorteo p\u00fablico se realizar\u00e1, seg\u00fan establece el Art\u00edculo 22 de los Reglamentos Internos de cada Plan (Ordenanza N\u00ba 1.460\/2010 Plan Municipal de Viviendas: Plan Casa y Ordenanza N\u00ba 1.461\/2010 Plan Municipal de Viviendas: Plan Casa Social), modificados por Ordenanza N\u00ba 1924\/2020.<\/p>\n","protected":false},"excerpt":{"rendered":"<p>Se sortear\u00e1n cuatro suplentes pertenecientes al Plan Casa Social y un titular y seis suplentes del Plan Casa. El mi\u00e9rcoles&hellip;<\/p>\n","protected":false},"author":3,"featured_media":12188,"comment_status":"closed","ping_status":"open","sticky":false,"template":"","format":"standard","meta":{"footnotes":""},"categories":[1044],"tags":[66,67,836,219,1102,572,578,624,625,813],"class_list":["post-12187","post","type-post","status-publish","format-standard","has-post-thumbnail","hentry","category-obras-publicas","tag-arroyito","tag-arroyito-cordoba","tag-arroyito-online","tag-comision","tag-gobierno-municipal","tag-noticias-de-arroyito-y-zona","tag-obras-publicas","tag-plan-casa","tag-plan-casa-social","tag-viviendas"],"_links":{"self":[{"href":"https:\/\/arroyitoonline.com.ar\/index.php?rest_route=\/wp\/v2\/posts\/12187","targetHints":{"allow":["GET"]}}],"collection":[{"href":"https:\/\/arroyitoonline.com.ar\/index.php?rest_route=\/wp\/v2\/posts"}],"about":[{"href":"https:\/\/arroyitoonline.com.ar\/index.php?rest_route=\/wp\/v2\/types\/post"}],"author":[{"embeddable":true,"href":"https:\/\/arroyitoonline.com.ar\/index.php?rest_route=\/wp\/v2\/users\/3"}],"replies":[{"embeddable":true,"href":"https:\/\/arroyitoonline.com.ar\/index.php?rest_route=%2Fwp%2Fv2%2Fcomments&post=12187"}],"version-history":[{"count":1,"href":"https:\/\/arroyitoonline.com.ar\/index.php?rest_route=\/wp\/v2\/posts\/12187\/revisions"}],"predecessor-version":[{"id":12189,"href":"https:\/\/arroyitoonline.com.ar\/index.php?rest_route=\/wp\/v2\/posts\/12187\/revisions\/12189"}],"wp:featuredmedia":[{"embeddable":true,"href":"https:\/\/arroyitoonline.com.ar\/index.php?rest_route=\/wp\/v2\/media\/12188"}],"wp:attachment":[{"href":"https:\/\/arroyitoonline.com.ar\/index.php?rest_route=%2Fwp%2Fv2%2Fmedia&parent=12187"}],"wp:term":[{"taxonomy":"category","embeddable":true,"href":"https:\/\/arroyitoonline.com.ar\/index.php?rest_route=%2Fwp%2Fv2%2Fcategories&post=12187"},{"taxonomy":"post_tag","embeddable":true,"href":"https:\/\/arroyitoonline.com.ar\/index.php?rest_route=%2Fwp%2Fv2%2Ftags&post=12187"}],"curies":[{"name":"wp","href":"https:\/\/api.w.org\/{rel}","templated":true}]}}