{"id":12192,"date":"2021-04-13T03:25:45","date_gmt":"2021-04-13T03:25:45","guid":{"rendered":"https:\/\/arroyitoonline.com.ar\/?p=12192"},"modified":"2021-04-13T19:49:05","modified_gmt":"2021-04-13T19:49:05","slug":"programa-promover-el-municipio-impulsa-la-inclusion-laboral-de-personas-con-discapacidad","status":"publish","type":"post","link":"https:\/\/arroyitoonline.com.ar\/?p=12192","title":{"rendered":"Programa Promover: el Municipio impulsa la inclusi\u00f3n laboral de personas con discapacidad"},"content":{"rendered":"\n<p><strong>Seis personas con discapacidad est\u00e1n participando de este programa en diferentes empresas locales y nueve en el edificio municipal.<\/strong><\/p>\n\n\n\n<p>La semana pasada, el<strong> intendente Gustavo Benedetti visit\u00f3 la f\u00e1brica 8A, una de las empresas locales donde se aplica el programa Promover, que implica la inclusi\u00f3n laboral de personas con discapacidad. <\/strong>Esta acci\u00f3n est\u00e1 impulsada por las oficinas de Empleo y de Discapacidad y Accesibilidad, esta \u00faltima creada en el inicio de la actual gesti\u00f3n.<\/p>\n\n\n\n<p>En la actualidad,\u00a0<strong>seis personas con discapacidad est\u00e1n participando del Promover en diferentes empresas locales y nueve se encuentran realizando tareas laborales en el Municipio.<\/strong><\/p>\n\n\n\n<blockquote class=\"wp-block-quote is-layout-flow wp-block-quote-is-layout-flow\"><p><em>\u201cDesde el Municipio alentamos a las empresas de nuestra ciudad a sumarse a esta iniciativa que implica un bien com\u00fan, la inclusi\u00f3n laboral y el desarrollo personal de muchos j\u00f3venes\u201d<\/em><\/p><cite>dijo el intendente Gustavo Benedetti.<\/cite><\/blockquote>\n\n\n\n<p>En el mes de enero<strong>, la empresa 8A SRL incluy\u00f3 a cinco j\u00f3venes.<\/strong>&nbsp;que realizan diversas actividades en los turnos ma\u00f1ana y tarde. Por su parte, en diciembre<strong>&nbsp;<\/strong>de 2020,<strong> la Radio Cooperativa Cotramaa adhiri\u00f3 al programa<\/strong>, por medio del cual, un joven hace su entrenamiento laboral por el lapso de seis meses.<\/p>\n\n\n\n<p><strong>De esta manera, son 15 personas las que el Municipio ha logrado incluir en un a\u00f1o y medio de gesti\u00f3n.&nbsp;<\/strong>10 m\u00e1s ven\u00edan ya trabajando en el edificio municipal desde hac\u00eda tiempo y<strong> cuatro est\u00e1n en proceso de evaluaci\u00f3n para que sean incluidos por medio del Programa Promover.<\/strong><\/p>\n\n\n\n<p>Los tr\u00e1mites para la <strong>adhesi\u00f3n<\/strong> se realizan en las <strong>oficinas de Empleo o de Discapacidad y Accesibilidad<\/strong>. Los interesados deben concurrir con el<strong> Certificado \u00danico de Discapacidad (<strong>CUD<\/strong>).<\/strong><\/p>\n\n\n\n<p>Desde el <strong>Gobierno Municipal invitan a las empresas a que participen <\/strong>comunic\u00e1ndose a los n\u00fameros de tel\u00e9fono <strong>3576 477095 | 3576 510410.<\/strong><\/p>\n","protected":false},"excerpt":{"rendered":"<p>Seis personas con discapacidad est\u00e1n participando de este programa en diferentes empresas locales y nueve en el edificio municipal. La&hellip;<\/p>\n","protected":false},"author":3,"featured_media":12194,"comment_status":"closed","ping_status":"open","sticky":false,"template":"","format":"standard","meta":{"footnotes":""},"categories":[1097,1106],"tags":[66,67,836,1207,296,1102,572,580,768],"class_list":["post-12192","post","type-post","status-publish","format-standard","has-post-thumbnail","hentry","category-discapacidad","category-trabajo","tag-arroyito","tag-arroyito-cordoba","tag-arroyito-online","tag-certificado-unico-de-discapacidad","tag-discapacidad","tag-gobierno-municipal","tag-noticias-de-arroyito-y-zona","tag-oficina-de-empleo","tag-trabajo"],"_links":{"self":[{"href":"https:\/\/arroyitoonline.com.ar\/index.php?rest_route=\/wp\/v2\/posts\/12192","targetHints":{"allow":["GET"]}}],"collection":[{"href":"https:\/\/arroyitoonline.com.ar\/index.php?rest_route=\/wp\/v2\/posts"}],"about":[{"href":"https:\/\/arroyitoonline.com.ar\/index.php?rest_route=\/wp\/v2\/types\/post"}],"author":[{"embeddable":true,"href":"https:\/\/arroyitoonline.com.ar\/index.php?rest_route=\/wp\/v2\/users\/3"}],"replies":[{"embeddable":true,"href":"https:\/\/arroyitoonline.com.ar\/index.php?rest_route=%2Fwp%2Fv2%2Fcomments&post=12192"}],"version-history":[{"count":2,"href":"https:\/\/arroyitoonline.com.ar\/index.php?rest_route=\/wp\/v2\/posts\/12192\/revisions"}],"predecessor-version":[{"id":12205,"href":"https:\/\/arroyitoonline.com.ar\/index.php?rest_route=\/wp\/v2\/posts\/12192\/revisions\/12205"}],"wp:featuredmedia":[{"embeddable":true,"href":"https:\/\/arroyitoonline.com.ar\/index.php?rest_route=\/wp\/v2\/media\/12194"}],"wp:attachment":[{"href":"https:\/\/arroyitoonline.com.ar\/index.php?rest_route=%2Fwp%2Fv2%2Fmedia&parent=12192"}],"wp:term":[{"taxonomy":"category","embeddable":true,"href":"https:\/\/arroyitoonline.com.ar\/index.php?rest_route=%2Fwp%2Fv2%2Fcategories&post=12192"},{"taxonomy":"post_tag","embeddable":true,"href":"https:\/\/arroyitoonline.com.ar\/index.php?rest_route=%2Fwp%2Fv2%2Ftags&post=12192"}],"curies":[{"name":"wp","href":"https:\/\/api.w.org\/{rel}","templated":true}]}}