{"id":12206,"date":"2021-04-13T21:03:14","date_gmt":"2021-04-13T21:03:14","guid":{"rendered":"https:\/\/arroyitoonline.com.ar\/?p=12206"},"modified":"2021-04-13T21:03:16","modified_gmt":"2021-04-13T21:03:16","slug":"avanza-el-regimen-de-escrituracion-gratuita-de-viviendas-municipales","status":"publish","type":"post","link":"https:\/\/arroyitoonline.com.ar\/?p=12206","title":{"rendered":"Avanza el r\u00e9gimen de escrituraci\u00f3n gratuita de viviendas municipales"},"content":{"rendered":"\n<p><strong>Asistentes sociales del Ministerio de Empleo y Econom\u00eda Familiar del Gobierno de la Provincia realizaron evaluaciones socioecon\u00f3micas a los interesados.<\/strong><\/p>\n\n\n\n<p>El intendente Gustavo Benedetti y la asesora de Desarrollo Urbano y H\u00e1bitat, Daniela Gargantini, por gestiones de la concejala Alejandra Diaz, dieron curso al R\u00e9gimen de Escrituraci\u00f3n Gratuita de Viviendas Municipales.<\/p>\n\n\n\n<p>En esta l\u00ednea, d\u00edas pasados llegaron a Arroyito, asistentes sociales del Ministerio de Empleo y Econom\u00eda Familiar del Gobierno de la Provincia de C\u00f3rdoba, que realizaron evaluaciones socioecon\u00f3micas a los interesados.<\/p>\n\n\n\n<p>Estos profesionales fueron convocados en los meses de octubre y noviembre del a\u00f1o pasado. En esta primera instancia, solo se hizo para las manzanas oficiales 394, 396, 398, 419, 438, 439 y 421 (no comprende todav\u00eda los terrenos 15, 16, 17 y 18), de aquellas familias que se hayan postulado habiendo cancelado la totalidad de las cuotas correspondientes a los planes de vivienda o terreno municipales con anterioridad.<\/p>\n\n\n\n<p><strong>La medida se enmarca en la adhesi\u00f3n, por parte del Municipio, a la Ley Provincial de Escrituraci\u00f3n N\u00b0 9811 que permite acompa\u00f1ar a las familias en el proyecto completo de ser propietarios de manera segura, contribuyendo a la regularizaci\u00f3n definitiva de la tenencia de su vivienda.<\/strong><\/p>\n","protected":false},"excerpt":{"rendered":"<p>Asistentes sociales del Ministerio de Empleo y Econom\u00eda Familiar del Gobierno de la Provincia realizaron evaluaciones socioecon\u00f3micas a los interesados.&hellip;<\/p>\n","protected":false},"author":3,"featured_media":12207,"comment_status":"closed","ping_status":"open","sticky":false,"template":"","format":"standard","meta":{"footnotes":""},"categories":[829],"tags":[66,67,836,404,405,1102,572,813],"class_list":["post-12206","post","type-post","status-publish","format-standard","has-post-thumbnail","hentry","category-municipales-online","tag-arroyito","tag-arroyito-cordoba","tag-arroyito-online","tag-gobierno-de-cordoba","tag-gobierno-de-la-provincia","tag-gobierno-municipal","tag-noticias-de-arroyito-y-zona","tag-viviendas"],"_links":{"self":[{"href":"https:\/\/arroyitoonline.com.ar\/index.php?rest_route=\/wp\/v2\/posts\/12206","targetHints":{"allow":["GET"]}}],"collection":[{"href":"https:\/\/arroyitoonline.com.ar\/index.php?rest_route=\/wp\/v2\/posts"}],"about":[{"href":"https:\/\/arroyitoonline.com.ar\/index.php?rest_route=\/wp\/v2\/types\/post"}],"author":[{"embeddable":true,"href":"https:\/\/arroyitoonline.com.ar\/index.php?rest_route=\/wp\/v2\/users\/3"}],"replies":[{"embeddable":true,"href":"https:\/\/arroyitoonline.com.ar\/index.php?rest_route=%2Fwp%2Fv2%2Fcomments&post=12206"}],"version-history":[{"count":1,"href":"https:\/\/arroyitoonline.com.ar\/index.php?rest_route=\/wp\/v2\/posts\/12206\/revisions"}],"predecessor-version":[{"id":12208,"href":"https:\/\/arroyitoonline.com.ar\/index.php?rest_route=\/wp\/v2\/posts\/12206\/revisions\/12208"}],"wp:featuredmedia":[{"embeddable":true,"href":"https:\/\/arroyitoonline.com.ar\/index.php?rest_route=\/wp\/v2\/media\/12207"}],"wp:attachment":[{"href":"https:\/\/arroyitoonline.com.ar\/index.php?rest_route=%2Fwp%2Fv2%2Fmedia&parent=12206"}],"wp:term":[{"taxonomy":"category","embeddable":true,"href":"https:\/\/arroyitoonline.com.ar\/index.php?rest_route=%2Fwp%2Fv2%2Fcategories&post=12206"},{"taxonomy":"post_tag","embeddable":true,"href":"https:\/\/arroyitoonline.com.ar\/index.php?rest_route=%2Fwp%2Fv2%2Ftags&post=12206"}],"curies":[{"name":"wp","href":"https:\/\/api.w.org\/{rel}","templated":true}]}}