{"id":12211,"date":"2021-04-15T13:24:11","date_gmt":"2021-04-15T13:24:11","guid":{"rendered":"https:\/\/arroyitoonline.com.ar\/?p=12211"},"modified":"2021-04-16T14:21:42","modified_gmt":"2021-04-16T14:21:42","slug":"demoleran-una-nichera-con-peligro-de-derrumbe-en-el-cementerio","status":"publish","type":"post","link":"https:\/\/arroyitoonline.com.ar\/?p=12211","title":{"rendered":"Demoler\u00e1n una nichera con peligro de derrumbe en el Cementerio"},"content":{"rendered":"\n<p><strong>Desde Asesor\u00eda Letrada convocan a quienes tengan restos de familiares en ese lugar, para que decidan su destino.<\/strong><\/p>\n\n\n\n<p>La Asesor\u00eda Letrada del Gobierno Municipal, por cuestiones de seguridad<strong>, proceder\u00e1 a la demolici\u00f3n de una nichera con 25 nichos, ubicada en manzana N\u00ba 2<\/strong> del\u00a0<strong>Cementerio local<\/strong>. Esta nichera colinda, al sur, con el pante\u00f3n Familia R\u00edos; al este, con los panteones particulares de las familias Carrera, Medr\u00e1n y Berrino y, al oeste, con el pante\u00f3n particular Familia Gobetto.<\/p>\n\n\n\n<div class=\"wp-block-image\"><figure class=\"aligncenter size-large\"><img loading=\"lazy\" decoding=\"async\" width=\"1024\" height=\"1024\" src=\"https:\/\/arroyitoonline.com.ar\/wp-content\/uploads\/2021\/04\/Edicto-Cementerio-1024x1024.jpeg\" alt=\"\" class=\"wp-image-12212\" srcset=\"https:\/\/arroyitoonline.com.ar\/wp-content\/uploads\/2021\/04\/Edicto-Cementerio-1024x1024.jpeg 1024w, https:\/\/arroyitoonline.com.ar\/wp-content\/uploads\/2021\/04\/Edicto-Cementerio-300x300.jpeg 300w, https:\/\/arroyitoonline.com.ar\/wp-content\/uploads\/2021\/04\/Edicto-Cementerio-150x150.jpeg 150w, https:\/\/arroyitoonline.com.ar\/wp-content\/uploads\/2021\/04\/Edicto-Cementerio-768x768.jpeg 768w, https:\/\/arroyitoonline.com.ar\/wp-content\/uploads\/2021\/04\/Edicto-Cementerio.jpeg 1181w\" sizes=\"auto, (max-width: 1024px) 100vw, 1024px\" \/><\/figure><\/div>\n\n\n\n<p><strong>Por este motivo, se invita a quienes tengan familiares depositados en esa nichera a que concurran al edificio Municipal, antes del s\u00e1bado 17 de mayo&nbsp;de 2021, a los fines de que decidan el destino de los restos. Caso contrario, el Municipio dispondr\u00e1 su reducci\u00f3n y dep\u00f3sito en el urnario.<\/strong><\/p>\n\n\n\n<div class=\"wp-block-image\"><figure class=\"aligncenter size-large\"><img loading=\"lazy\" decoding=\"async\" width=\"955\" height=\"517\" src=\"https:\/\/arroyitoonline.com.ar\/wp-content\/uploads\/2021\/04\/plano-cementerio-nichera.png\" alt=\"\" class=\"wp-image-12213\" srcset=\"https:\/\/arroyitoonline.com.ar\/wp-content\/uploads\/2021\/04\/plano-cementerio-nichera.png 955w, https:\/\/arroyitoonline.com.ar\/wp-content\/uploads\/2021\/04\/plano-cementerio-nichera-300x162.png 300w, https:\/\/arroyitoonline.com.ar\/wp-content\/uploads\/2021\/04\/plano-cementerio-nichera-768x416.png 768w\" sizes=\"auto, (max-width: 955px) 100vw, 955px\" \/><figcaption><em>El plano se\u00f1ala la ubicaci\u00f3n de la nichera que demoler\u00e1n.<\/em><\/figcaption><\/figure><\/div>\n\n\n\n<p>La apertura de los nichos se realizar\u00e1 el s\u00e1bado 17 de mayo a las 8:00 horas, o el d\u00eda h\u00e1bil posterior, en caso que las condiciones del tiempo no lo permitan.<\/p>\n","protected":false},"excerpt":{"rendered":"<p>Desde Asesor\u00eda Letrada convocan a quienes tengan restos de familiares en ese lugar, para que decidan su destino. La Asesor\u00eda&hellip;<\/p>\n","protected":false},"author":3,"featured_media":12215,"comment_status":"closed","ping_status":"open","sticky":false,"template":"","format":"standard","meta":{"footnotes":""},"categories":[829],"tags":[66,67,836,166,1102,572],"class_list":["post-12211","post","type-post","status-publish","format-standard","has-post-thumbnail","hentry","category-municipales-online","tag-arroyito","tag-arroyito-cordoba","tag-arroyito-online","tag-cementerio","tag-gobierno-municipal","tag-noticias-de-arroyito-y-zona"],"_links":{"self":[{"href":"https:\/\/arroyitoonline.com.ar\/index.php?rest_route=\/wp\/v2\/posts\/12211","targetHints":{"allow":["GET"]}}],"collection":[{"href":"https:\/\/arroyitoonline.com.ar\/index.php?rest_route=\/wp\/v2\/posts"}],"about":[{"href":"https:\/\/arroyitoonline.com.ar\/index.php?rest_route=\/wp\/v2\/types\/post"}],"author":[{"embeddable":true,"href":"https:\/\/arroyitoonline.com.ar\/index.php?rest_route=\/wp\/v2\/users\/3"}],"replies":[{"embeddable":true,"href":"https:\/\/arroyitoonline.com.ar\/index.php?rest_route=%2Fwp%2Fv2%2Fcomments&post=12211"}],"version-history":[{"count":3,"href":"https:\/\/arroyitoonline.com.ar\/index.php?rest_route=\/wp\/v2\/posts\/12211\/revisions"}],"predecessor-version":[{"id":12223,"href":"https:\/\/arroyitoonline.com.ar\/index.php?rest_route=\/wp\/v2\/posts\/12211\/revisions\/12223"}],"wp:featuredmedia":[{"embeddable":true,"href":"https:\/\/arroyitoonline.com.ar\/index.php?rest_route=\/wp\/v2\/media\/12215"}],"wp:attachment":[{"href":"https:\/\/arroyitoonline.com.ar\/index.php?rest_route=%2Fwp%2Fv2%2Fmedia&parent=12211"}],"wp:term":[{"taxonomy":"category","embeddable":true,"href":"https:\/\/arroyitoonline.com.ar\/index.php?rest_route=%2Fwp%2Fv2%2Fcategories&post=12211"},{"taxonomy":"post_tag","embeddable":true,"href":"https:\/\/arroyitoonline.com.ar\/index.php?rest_route=%2Fwp%2Fv2%2Ftags&post=12211"}],"curies":[{"name":"wp","href":"https:\/\/api.w.org\/{rel}","templated":true}]}}