{"id":12224,"date":"2021-04-18T02:23:49","date_gmt":"2021-04-18T02:23:49","guid":{"rendered":"https:\/\/arroyitoonline.com.ar\/?p=12224"},"modified":"2021-04-18T02:23:50","modified_gmt":"2021-04-18T02:23:50","slug":"detuvieron-a-hombre-de-arroyito-por-tenencia-y-distribucion-de-pornografia-infantil","status":"publish","type":"post","link":"https:\/\/arroyitoonline.com.ar\/?p=12224","title":{"rendered":"Detuvieron a hombre de Arroyito por tenencia y distribuci\u00f3n de pornograf\u00eda infantil"},"content":{"rendered":"\n<p><strong>La investigaci\u00f3n se inici\u00f3 tras un alerta internacional elaborado por el Centro Nacional para Ni\u00f1os Desaparecidos y Explotados de EEUU.<\/strong><\/p>\n\n\n\n<p>Ayer, la Fiscal\u00eda de Instrucci\u00f3n de Arroyito, a cargo de Graciela De Bernardi, orden\u00f3 la detenci\u00f3n de un sujeto de 35 a\u00f1os residente en nuestra ciudad identificado como Juan Manuel Sosa, apodado<em> \u201cLuz mala\u201d<\/em>. Al hombre se le imput\u00f3 el delito de tenencia y distribuci\u00f3n de pornograf\u00eda infantil.<\/p>\n\n\n\n<p>Durante el operativo secuestraron abundante material probatorio, en el marco de una investigaci\u00f3n que se inici\u00f3 tras un alerta internacional elaborado por el Centro Nacional para Ni\u00f1os Desaparecidos y Explotados de EEUU (NCMEC), donde se identific\u00f3 y alert\u00f3 sobre posible distribuci\u00f3n y tr\u00e1fico de im\u00e1genes con contenido sexual de menores de edad.<\/p>\n\n\n\n<p>Actu\u00f3 personal de la Direcci\u00f3n de Investigaci\u00f3n Operativa de Polic\u00eda Judicial (DIO) bajo la direcci\u00f3n de Luis Michelli, con la colaboraci\u00f3n de personal policial de la departamental San Justo.<\/p>\n","protected":false},"excerpt":{"rendered":"<p>La investigaci\u00f3n se inici\u00f3 tras un alerta internacional elaborado por el Centro Nacional para Ni\u00f1os Desaparecidos y Explotados de EEUU.&hellip;<\/p>\n","protected":false},"author":3,"featured_media":12225,"comment_status":"closed","ping_status":"open","sticky":false,"template":"","format":"standard","meta":{"footnotes":""},"categories":[824],"tags":[66,67,836,285,379,570,572,635,637,638,825],"class_list":["post-12224","post","type-post","status-publish","format-standard","has-post-thumbnail","hentry","category-policiales-online","tag-arroyito","tag-arroyito-cordoba","tag-arroyito-online","tag-detencion","tag-fiscal","tag-ninez","tag-noticias-de-arroyito-y-zona","tag-policia","tag-policiales","tag-policiales-arroyito","tag-policiales-online"],"_links":{"self":[{"href":"https:\/\/arroyitoonline.com.ar\/index.php?rest_route=\/wp\/v2\/posts\/12224","targetHints":{"allow":["GET"]}}],"collection":[{"href":"https:\/\/arroyitoonline.com.ar\/index.php?rest_route=\/wp\/v2\/posts"}],"about":[{"href":"https:\/\/arroyitoonline.com.ar\/index.php?rest_route=\/wp\/v2\/types\/post"}],"author":[{"embeddable":true,"href":"https:\/\/arroyitoonline.com.ar\/index.php?rest_route=\/wp\/v2\/users\/3"}],"replies":[{"embeddable":true,"href":"https:\/\/arroyitoonline.com.ar\/index.php?rest_route=%2Fwp%2Fv2%2Fcomments&post=12224"}],"version-history":[{"count":1,"href":"https:\/\/arroyitoonline.com.ar\/index.php?rest_route=\/wp\/v2\/posts\/12224\/revisions"}],"predecessor-version":[{"id":12226,"href":"https:\/\/arroyitoonline.com.ar\/index.php?rest_route=\/wp\/v2\/posts\/12224\/revisions\/12226"}],"wp:featuredmedia":[{"embeddable":true,"href":"https:\/\/arroyitoonline.com.ar\/index.php?rest_route=\/wp\/v2\/media\/12225"}],"wp:attachment":[{"href":"https:\/\/arroyitoonline.com.ar\/index.php?rest_route=%2Fwp%2Fv2%2Fmedia&parent=12224"}],"wp:term":[{"taxonomy":"category","embeddable":true,"href":"https:\/\/arroyitoonline.com.ar\/index.php?rest_route=%2Fwp%2Fv2%2Fcategories&post=12224"},{"taxonomy":"post_tag","embeddable":true,"href":"https:\/\/arroyitoonline.com.ar\/index.php?rest_route=%2Fwp%2Fv2%2Ftags&post=12224"}],"curies":[{"name":"wp","href":"https:\/\/api.w.org\/{rel}","templated":true}]}}