{"id":12227,"date":"2021-04-18T03:16:51","date_gmt":"2021-04-18T03:16:51","guid":{"rendered":"https:\/\/arroyitoonline.com.ar\/?p=12227"},"modified":"2021-04-18T03:19:02","modified_gmt":"2021-04-18T03:19:02","slug":"profundo-pesar-fallecio-fernando-videla-que-habia-sido-internado-por-covid-19","status":"publish","type":"post","link":"https:\/\/arroyitoonline.com.ar\/?p=12227","title":{"rendered":"Profundo pesar: falleci\u00f3 Fernando Videla, que hab\u00eda sido internado por covid-19"},"content":{"rendered":"\n<p><strong>Estuvo internado en el hospital de Arroyito y, el 17 de marzo, fue trasladado al Iturraspe de San Franscisco, donde su salud se deterior\u00f3.<\/strong><\/p>\n\n\n\n<p>Esta tarde a las 14:00 horas, falleci\u00f3 Jes\u00fas Fernando Videla. El periodista deportivo y director de <strong>Arroyito Ciudad<\/strong> ten\u00eda 61 a\u00f1os.<\/p>\n\n\n\n<p>El 13 de marzo, Fernando hab\u00eda sido internado en el Hospital Municipal Carlos J. Rodr\u00edguez, luego de confirmarse que era Covid-19 positivo. Por su parte, el 17 de marzo, fue trasladado al Hospital Iturraspe de la ciudad de San Francisco.<\/p>\n\n\n\n<p>Ayer, el \u00faltimo parte m\u00e9dico comunicado por su hija Fernanda, no hab\u00eda sido alentador, ya que indicaba que Videla no presentaba evoluci\u00f3n favorable y estaba en un estado delicado, con respirador, porque sus pulmones no ten\u00edan la fuerza suficiente para adaptarse. <\/p>\n\n\n\n<p><em>Despedida<\/em><\/p>\n\n\n\n<p>Sus restos mortales ser\u00e1 trasladados al Crematorio Virgen de la Merced, en Toledo, Santa Mar\u00eda, C\u00f3rdoba. En los pr\u00f3ximos d\u00edas, su familia realizar\u00e1 el responso, que iniciar\u00e1 en la Parroquia Nuestra Se\u00f1ora de la Merced y finalizar\u00e1 en el Cementerio de Arroyito.<\/p>\n\n\n\n<p><em>Condolencias<\/em><\/p>\n\n\n\n<p>Tras conocerse la noticia, las condolencias llegaron desde diversos \u00e1mbitos de la comunidad. En redes sociales, muchos usuarios despidieron con tristeza al periodista deportivo, ac\u00e9rrimo defensor y amante del rock en general, y de la m\u00fasica de Arroyito en particular. <\/p>\n\n\n\n<blockquote class=\"wp-block-quote is-style-large is-layout-flow wp-block-quote-is-layout-flow\"><p><em>&#8220;Fernando, un gran trabajador de la prensa, un amigo y un enamorado de nuestra ciudad, un vecino sencillo y solidario que siempre estuvo a nuestro lado, acompa\u00f1\u00e1ndonos con gran pasi\u00f3n. Lo despedimos con profundo dolor, enviando fuerza y oraciones para su esposa e hijos. Te vamos a recordar por SIEMPRE, QDEP, querido amigo Jes\u00fas Fernando Videla&#8221;<\/em><\/p><cite>expresaron el intendente <strong>Benedetti<\/strong> y todo su equipo de Gobierno.<\/cite><\/blockquote>\n\n\n\n<p>Adem\u00e1s, desde el <strong>C\u00edrculo Sindical de la Prensa y la Comunicaci\u00f3n de C\u00f3rdoba (Cispren)<\/strong>, a trav\u00e9s del delegado de Arroyito Juli\u00e1n Taborda y el secretario Interior Fernando Ceresole, lamentaron la p\u00e9rdida considerando que<em> &#8220;su partida deja una huella imborrable, no solo en el periodismo deportivo de la ciudad de Arroyito, sino tambi\u00e9n un vac\u00edo irreemplazable para est\u00e1 profesi\u00f3n y para los colegas de nuestra ciudad&#8221;<\/em>.<\/p>\n\n\n\n<p>Quienes hacemos <strong>Arroyito Online<\/strong>, Pablo y Natalia, enviamos nuestras respetuosas condolencias a su esposa Mari, los hijos Anabela, Fernanda y Emiliano, nietos y toda la familia de Fernando, rezando por su eterno descanso. <em>Hasta siempre, querido Fer.<\/em><\/p>\n\n\n\n<p>Foto de portada: Comunicaci\u00f3n y Protocolo del Gobierno Municipal.<\/p>\n","protected":false},"excerpt":{"rendered":"<p>Estuvo internado en el hospital de Arroyito y, el 17 de marzo, fue trasladado al Iturraspe de San Franscisco, donde&hellip;<\/p>\n","protected":false},"author":3,"featured_media":12228,"comment_status":"closed","ping_status":"open","sticky":false,"template":"","format":"standard","meta":{"footnotes":""},"categories":[900],"tags":[66,67,836,115,225,1108,1152,968,548,572,648],"class_list":["post-12227","post","type-post","status-publish","format-standard","has-post-thumbnail","hentry","category-noticias","tag-arroyito","tag-arroyito-cordoba","tag-arroyito-online","tag-benedetti","tag-comunicacion","tag-coronavirus","tag-covid-19","tag-gustavo-benedetti","tag-muerte","tag-noticias-de-arroyito-y-zona","tag-prensa-municipal"],"_links":{"self":[{"href":"https:\/\/arroyitoonline.com.ar\/index.php?rest_route=\/wp\/v2\/posts\/12227","targetHints":{"allow":["GET"]}}],"collection":[{"href":"https:\/\/arroyitoonline.com.ar\/index.php?rest_route=\/wp\/v2\/posts"}],"about":[{"href":"https:\/\/arroyitoonline.com.ar\/index.php?rest_route=\/wp\/v2\/types\/post"}],"author":[{"embeddable":true,"href":"https:\/\/arroyitoonline.com.ar\/index.php?rest_route=\/wp\/v2\/users\/3"}],"replies":[{"embeddable":true,"href":"https:\/\/arroyitoonline.com.ar\/index.php?rest_route=%2Fwp%2Fv2%2Fcomments&post=12227"}],"version-history":[{"count":3,"href":"https:\/\/arroyitoonline.com.ar\/index.php?rest_route=\/wp\/v2\/posts\/12227\/revisions"}],"predecessor-version":[{"id":12231,"href":"https:\/\/arroyitoonline.com.ar\/index.php?rest_route=\/wp\/v2\/posts\/12227\/revisions\/12231"}],"wp:featuredmedia":[{"embeddable":true,"href":"https:\/\/arroyitoonline.com.ar\/index.php?rest_route=\/wp\/v2\/media\/12228"}],"wp:attachment":[{"href":"https:\/\/arroyitoonline.com.ar\/index.php?rest_route=%2Fwp%2Fv2%2Fmedia&parent=12227"}],"wp:term":[{"taxonomy":"category","embeddable":true,"href":"https:\/\/arroyitoonline.com.ar\/index.php?rest_route=%2Fwp%2Fv2%2Fcategories&post=12227"},{"taxonomy":"post_tag","embeddable":true,"href":"https:\/\/arroyitoonline.com.ar\/index.php?rest_route=%2Fwp%2Fv2%2Ftags&post=12227"}],"curies":[{"name":"wp","href":"https:\/\/api.w.org\/{rel}","templated":true}]}}