{"id":12232,"date":"2021-04-18T03:31:31","date_gmt":"2021-04-18T03:31:31","guid":{"rendered":"https:\/\/arroyitoonline.com.ar\/?p=12232"},"modified":"2021-04-18T03:31:33","modified_gmt":"2021-04-18T03:31:33","slug":"calle-colon-sera-mano-unica-entre-las-avenidas-pontin-y-boetto","status":"publish","type":"post","link":"https:\/\/arroyitoonline.com.ar\/?p=12232","title":{"rendered":"Calle Col\u00f3n: ser\u00e1 mano \u00fanica entre las avenidas Pont\u00edn y Boetto"},"content":{"rendered":"\n<p><b>Ahora, el sentido de circulaci\u00f3n <\/b><strong style=\"font-weight: bold;\">en ese tramo de la arteria<\/strong> <strong>ser\u00e1 de este a oeste.<\/strong><\/p>\n\n\n\n<p>El Gobierno Municipal comienza con el plan de reorganizaci\u00f3n vial, que implica el mejoramiento del orden vehicular de la ciudad, para una mayor seguridad y fluidez en el tr\u00e1nsito de Arroyito, que se encuentra en continuo crecimiento.<\/p>\n\n\n\n<p><strong>El proceso de reorganizaci\u00f3n vial comenzar\u00e1 con Col\u00f3n. En la actualidad, esta calle es doble mano <strong>entre las avenidas Pont\u00edn y Jos\u00e9 Boetto<\/strong> y, <strong>desde la semana pr\u00f3xima<\/strong><\/strong>, <strong>pasar\u00e1 a tener mano \u00fanica con sentido de este a oeste.<\/strong><\/p>\n\n\n\n<figure class=\"wp-block-image size-large\"><img loading=\"lazy\" decoding=\"async\" width=\"1024\" height=\"1024\" src=\"https:\/\/arroyitoonline.com.ar\/wp-content\/uploads\/2021\/04\/calle-col\u00f3n-1024x1024.jpeg\" alt=\"\" class=\"wp-image-12233\" srcset=\"https:\/\/arroyitoonline.com.ar\/wp-content\/uploads\/2021\/04\/calle-col\u00f3n-1024x1024.jpeg 1024w, https:\/\/arroyitoonline.com.ar\/wp-content\/uploads\/2021\/04\/calle-col\u00f3n-300x300.jpeg 300w, https:\/\/arroyitoonline.com.ar\/wp-content\/uploads\/2021\/04\/calle-col\u00f3n-150x150.jpeg 150w, https:\/\/arroyitoonline.com.ar\/wp-content\/uploads\/2021\/04\/calle-col\u00f3n-768x768.jpeg 768w, https:\/\/arroyitoonline.com.ar\/wp-content\/uploads\/2021\/04\/calle-col\u00f3n.jpeg 1181w\" sizes=\"auto, (max-width: 1024px) 100vw, 1024px\" \/><\/figure>\n\n\n\n<p>Acompa\u00f1ar\u00e1n el proceso de cambio de sentido de circulaci\u00f3n durante un per\u00edodo de tiempo, inspectores de tr\u00e1nsito y carteler\u00eda de se\u00f1alizaci\u00f3n, para la adaptaci\u00f3n de los vecinos.<\/p>\n","protected":false},"excerpt":{"rendered":"<p>Ahora, el sentido de circulaci\u00f3n en ese tramo de la arteria ser\u00e1 de este a oeste. El Gobierno Municipal comienza&hellip;<\/p>\n","protected":false},"author":3,"featured_media":12234,"comment_status":"closed","ping_status":"open","sticky":false,"template":"","format":"standard","meta":{"footnotes":""},"categories":[942],"tags":[66,67,836,295,1102,555,556,572,771],"class_list":["post-12232","post","type-post","status-publish","format-standard","has-post-thumbnail","hentry","category-transito","tag-arroyito","tag-arroyito-cordoba","tag-arroyito-online","tag-direccion-de-transito","tag-gobierno-municipal","tag-municipalidad","tag-municipalidad-de-arroyito","tag-noticias-de-arroyito-y-zona","tag-transito"],"_links":{"self":[{"href":"https:\/\/arroyitoonline.com.ar\/index.php?rest_route=\/wp\/v2\/posts\/12232","targetHints":{"allow":["GET"]}}],"collection":[{"href":"https:\/\/arroyitoonline.com.ar\/index.php?rest_route=\/wp\/v2\/posts"}],"about":[{"href":"https:\/\/arroyitoonline.com.ar\/index.php?rest_route=\/wp\/v2\/types\/post"}],"author":[{"embeddable":true,"href":"https:\/\/arroyitoonline.com.ar\/index.php?rest_route=\/wp\/v2\/users\/3"}],"replies":[{"embeddable":true,"href":"https:\/\/arroyitoonline.com.ar\/index.php?rest_route=%2Fwp%2Fv2%2Fcomments&post=12232"}],"version-history":[{"count":1,"href":"https:\/\/arroyitoonline.com.ar\/index.php?rest_route=\/wp\/v2\/posts\/12232\/revisions"}],"predecessor-version":[{"id":12235,"href":"https:\/\/arroyitoonline.com.ar\/index.php?rest_route=\/wp\/v2\/posts\/12232\/revisions\/12235"}],"wp:featuredmedia":[{"embeddable":true,"href":"https:\/\/arroyitoonline.com.ar\/index.php?rest_route=\/wp\/v2\/media\/12234"}],"wp:attachment":[{"href":"https:\/\/arroyitoonline.com.ar\/index.php?rest_route=%2Fwp%2Fv2%2Fmedia&parent=12232"}],"wp:term":[{"taxonomy":"category","embeddable":true,"href":"https:\/\/arroyitoonline.com.ar\/index.php?rest_route=%2Fwp%2Fv2%2Fcategories&post=12232"},{"taxonomy":"post_tag","embeddable":true,"href":"https:\/\/arroyitoonline.com.ar\/index.php?rest_route=%2Fwp%2Fv2%2Ftags&post=12232"}],"curies":[{"name":"wp","href":"https:\/\/api.w.org\/{rel}","templated":true}]}}