{"id":12236,"date":"2021-04-18T19:16:46","date_gmt":"2021-04-18T19:16:46","guid":{"rendered":"https:\/\/arroyitoonline.com.ar\/?p=12236"},"modified":"2021-04-18T19:16:48","modified_gmt":"2021-04-18T19:16:48","slug":"un-minimercado-del-sector-sur-regala-facturas-y-criollos-a-quienes-los-necesiten","status":"publish","type":"post","link":"https:\/\/arroyitoonline.com.ar\/?p=12236","title":{"rendered":"Un minimercado del sector sur regala facturas y criollos a quienes los necesiten"},"content":{"rendered":"\n<p><strong>Pamela Ojeda y Mat\u00edas Sisterna abrieron hace un mes y, desde el primer momento, realizan esta acci\u00f3n solidaria<\/strong> <strong>digna de destacarse.<\/strong><\/p>\n\n\n\n<p>En tiempos de pandemia mundial, las malas noticias est\u00e1n a la orden del d\u00eda. En materia de econom\u00eda, basta dar unas vueltas por Arroyito, para ver la cantidad de locales comerciales vac\u00edos, que cerraron en los \u00faltimos a\u00f1os y, varios de estos, en contexto de crisis sanitaria.<\/p>\n\n\n\n<p><strong>Mat\u00edas Sisterna <\/strong>y <strong>Pamela Ojeda<\/strong>, pareja de comerciantes de nuestra ciudad, vivi\u00f3 en carne propia esta situaci\u00f3n. En cuarentena bajaron la persiana de Balboa, tienda de indumentaria masculina ubicada sobre calle Belgrano. Pero, lejos de quedarse con los brazos cruzados cambiaron de rubro. Hace un mes abrieron <strong>Minimercado Oktubre<\/strong> situado en <strong>Jos\u00e9 Gim\u00e9nez Lagos 1447<\/strong>, sector sur de la ciudad.<\/p>\n\n\n\n<figure class=\"wp-block-image size-large\"><img loading=\"lazy\" decoding=\"async\" width=\"956\" height=\"1016\" src=\"https:\/\/arroyitoonline.com.ar\/wp-content\/uploads\/2021\/04\/minimercado-oktubre-frente-2.jpg\" alt=\"\" class=\"wp-image-12240\" srcset=\"https:\/\/arroyitoonline.com.ar\/wp-content\/uploads\/2021\/04\/minimercado-oktubre-frente-2.jpg 956w, https:\/\/arroyitoonline.com.ar\/wp-content\/uploads\/2021\/04\/minimercado-oktubre-frente-2-282x300.jpg 282w, https:\/\/arroyitoonline.com.ar\/wp-content\/uploads\/2021\/04\/minimercado-oktubre-frente-2-768x816.jpg 768w\" sizes=\"auto, (max-width: 956px) 100vw, 956px\" \/><figcaption><em>Minimercado Oktubre, con la caja llena de bolsitas de facturas y bizcochos, que quienes necesiten pueden llevar gratis.<\/em><\/figcaption><\/figure>\n\n\n\n<p>All\u00ed protagonizan una acci\u00f3n solidaria diaria, cuya imagen se volvi\u00f3 viral en las redes sociales. Colocan una caja con bolsitas de biscochos y facturas, afuera del local, para que los retiren gratis, quienes los necesiten. <\/p>\n\n\n\n<p><em>&#8220;Como hace poquito abrimos, por ah\u00ed no calculamos bien el tema de las compras de los panificados y, antes de quedarnos cortos, decidimos comprar sabiendo que si sobraba lo pod\u00edamos poner afuera, en vez de venderlo como del d\u00eda anterior como suele suceder&#8221;<\/em>, coment\u00f3 Pamela a <strong>Arroyito Online<\/strong>. <\/p>\n\n\n\n<p>Tambi\u00e9n cont\u00f3 que, al principio, a la noche todav\u00eda quedaban facturas y criollos en la caja y era porque las personas no estaban acostumbradas, ni se deten\u00edan a leer que se los pod\u00edan llevar gratis. El viernes, &#8220;<em>cansada de tirarlo porque no lo llevaban<\/em>&#8220;, lo public\u00f3 en las redes sociales y, fue tal la repercusi\u00f3n, que incluso gente del barrio que no sab\u00eda de la existencia del minimercado se enter\u00f3. <\/p>\n\n\n\n<p>Un gesto digno de imitarse y destacarse, en tiempos donde, en gran medida, reina el ego\u00edsmo. Algo simple, que puede cambiarle el d\u00eda a muchas familias.<em> \u00a1Felicitaciones, Pame y Mati!<\/em><\/p>\n","protected":false},"excerpt":{"rendered":"<p>Pamela Ojeda y Mat\u00edas Sisterna abrieron hace un mes y, desde el primer momento, realizan esta acci\u00f3n solidaria digna de&hellip;<\/p>\n","protected":false},"author":3,"featured_media":12237,"comment_status":"closed","ping_status":"open","sticky":false,"template":"","format":"standard","meta":{"footnotes":""},"categories":[860],"tags":[66,67,836,217,1108,1152,1119,572,738],"class_list":["post-12236","post","type-post","status-publish","format-standard","has-post-thumbnail","hentry","category-solidaridad-online","tag-arroyito","tag-arroyito-cordoba","tag-arroyito-online","tag-comercio","tag-coronavirus","tag-covid-19","tag-cuarentena","tag-noticias-de-arroyito-y-zona","tag-solidaridad"],"_links":{"self":[{"href":"https:\/\/arroyitoonline.com.ar\/index.php?rest_route=\/wp\/v2\/posts\/12236","targetHints":{"allow":["GET"]}}],"collection":[{"href":"https:\/\/arroyitoonline.com.ar\/index.php?rest_route=\/wp\/v2\/posts"}],"about":[{"href":"https:\/\/arroyitoonline.com.ar\/index.php?rest_route=\/wp\/v2\/types\/post"}],"author":[{"embeddable":true,"href":"https:\/\/arroyitoonline.com.ar\/index.php?rest_route=\/wp\/v2\/users\/3"}],"replies":[{"embeddable":true,"href":"https:\/\/arroyitoonline.com.ar\/index.php?rest_route=%2Fwp%2Fv2%2Fcomments&post=12236"}],"version-history":[{"count":1,"href":"https:\/\/arroyitoonline.com.ar\/index.php?rest_route=\/wp\/v2\/posts\/12236\/revisions"}],"predecessor-version":[{"id":12241,"href":"https:\/\/arroyitoonline.com.ar\/index.php?rest_route=\/wp\/v2\/posts\/12236\/revisions\/12241"}],"wp:featuredmedia":[{"embeddable":true,"href":"https:\/\/arroyitoonline.com.ar\/index.php?rest_route=\/wp\/v2\/media\/12237"}],"wp:attachment":[{"href":"https:\/\/arroyitoonline.com.ar\/index.php?rest_route=%2Fwp%2Fv2%2Fmedia&parent=12236"}],"wp:term":[{"taxonomy":"category","embeddable":true,"href":"https:\/\/arroyitoonline.com.ar\/index.php?rest_route=%2Fwp%2Fv2%2Fcategories&post=12236"},{"taxonomy":"post_tag","embeddable":true,"href":"https:\/\/arroyitoonline.com.ar\/index.php?rest_route=%2Fwp%2Fv2%2Ftags&post=12236"}],"curies":[{"name":"wp","href":"https:\/\/api.w.org\/{rel}","templated":true}]}}