{"id":12273,"date":"2021-04-21T13:49:27","date_gmt":"2021-04-21T13:49:27","guid":{"rendered":"https:\/\/arroyitoonline.com.ar\/?p=12273"},"modified":"2021-04-21T14:30:20","modified_gmt":"2021-04-21T14:30:20","slug":"operativo-identificar-realizaron-159-test-en-la-curva","status":"publish","type":"post","link":"https:\/\/arroyitoonline.com.ar\/?p=12273","title":{"rendered":"Operativo Identificar: realizaron 159 test en La Curva"},"content":{"rendered":"\n<p><strong>Hoy ser\u00e1 el turno de El Fuertecito, con la misma metodolog\u00eda, de 17:30 a 19:30 horas, en el Sal\u00f3n Parroquial de esa comunidad.<\/strong><\/p>\n\n\n\n<p>El <strong>Centro de Emergencias de Arroyito<\/strong> y el<strong> Hospital Municipal de Autogesti\u00f3n Carlos J. Rodr\u00edguez <\/strong>comenzaron con los<strong> testeos masivos y gratuitos en los parajes<\/strong>, en el marco del Operativo Identificar. Ayer, iniciaron en el Centro Vecinal de La Curva, con 159 test realizados. <\/p>\n\n\n\n<figure class=\"wp-block-image size-large\"><img loading=\"lazy\" decoding=\"async\" width=\"1024\" height=\"563\" src=\"https:\/\/arroyitoonline.com.ar\/wp-content\/uploads\/2021\/04\/testeo-masivo-en-la-curva.jpg\" alt=\"\" class=\"wp-image-12275\" srcset=\"https:\/\/arroyitoonline.com.ar\/wp-content\/uploads\/2021\/04\/testeo-masivo-en-la-curva.jpg 1024w, https:\/\/arroyitoonline.com.ar\/wp-content\/uploads\/2021\/04\/testeo-masivo-en-la-curva-300x165.jpg 300w, https:\/\/arroyitoonline.com.ar\/wp-content\/uploads\/2021\/04\/testeo-masivo-en-la-curva-768x422.jpg 768w\" sizes=\"auto, (max-width: 1024px) 100vw, 1024px\" \/><figcaption><em>Con gran concurrencia, realizaron el primer testeo masivo en el paraje La Curva.<\/em><\/figcaption><\/figure>\n\n\n\n<p>Los test serol\u00f3gicos de ant\u00edgeno<strong> arrojaron como resultado 81 casos negativos sin presencia de anticuerpos y dos casos negativos con anticuerpos. Del mismo modo, los 76 hisopados r\u00e1pidos de ant\u00edgeno, fueron todos negativos.<\/strong><\/p>\n\n\n\n<p>Desde el municipio agradecen la predisposici\u00f3n del centro vecinal, del personal de la Posta de Salud y de su coordinadora, la m\u00e9dica Patricia S\u00e1nchez.<\/p>\n\n\n\n<p><strong>Hoy ser\u00e1 el turno de El Fuertecito, con la misma metodolog\u00eda, de 17:30 a 19:30 horas, en el Sal\u00f3n Parroquial de esa comunidad.<\/strong><\/p>\n","protected":false},"excerpt":{"rendered":"<p>Hoy ser\u00e1 el turno de El Fuertecito, con la misma metodolog\u00eda, de 17:30 a 19:30 horas, en el Sal\u00f3n Parroquial&hellip;<\/p>\n","protected":false},"author":3,"featured_media":12274,"comment_status":"closed","ping_status":"open","sticky":false,"template":"","format":"standard","meta":{"footnotes":""},"categories":[9],"tags":[66,67,836,1149,315,426,1177,483,572,706],"class_list":["post-12273","post","type-post","status-publish","format-standard","has-post-thumbnail","hentry","category-infosalud","tag-arroyito","tag-arroyito-cordoba","tag-arroyito-online","tag-centro-de-emergencias-de-arroyito","tag-el-fuertecito","tag-hospital","tag-hospital-municipal-carlos-j-rodriguez","tag-la-curva","tag-noticias-de-arroyito-y-zona","tag-salud"],"_links":{"self":[{"href":"https:\/\/arroyitoonline.com.ar\/index.php?rest_route=\/wp\/v2\/posts\/12273","targetHints":{"allow":["GET"]}}],"collection":[{"href":"https:\/\/arroyitoonline.com.ar\/index.php?rest_route=\/wp\/v2\/posts"}],"about":[{"href":"https:\/\/arroyitoonline.com.ar\/index.php?rest_route=\/wp\/v2\/types\/post"}],"author":[{"embeddable":true,"href":"https:\/\/arroyitoonline.com.ar\/index.php?rest_route=\/wp\/v2\/users\/3"}],"replies":[{"embeddable":true,"href":"https:\/\/arroyitoonline.com.ar\/index.php?rest_route=%2Fwp%2Fv2%2Fcomments&post=12273"}],"version-history":[{"count":5,"href":"https:\/\/arroyitoonline.com.ar\/index.php?rest_route=\/wp\/v2\/posts\/12273\/revisions"}],"predecessor-version":[{"id":12287,"href":"https:\/\/arroyitoonline.com.ar\/index.php?rest_route=\/wp\/v2\/posts\/12273\/revisions\/12287"}],"wp:featuredmedia":[{"embeddable":true,"href":"https:\/\/arroyitoonline.com.ar\/index.php?rest_route=\/wp\/v2\/media\/12274"}],"wp:attachment":[{"href":"https:\/\/arroyitoonline.com.ar\/index.php?rest_route=%2Fwp%2Fv2%2Fmedia&parent=12273"}],"wp:term":[{"taxonomy":"category","embeddable":true,"href":"https:\/\/arroyitoonline.com.ar\/index.php?rest_route=%2Fwp%2Fv2%2Fcategories&post=12273"},{"taxonomy":"post_tag","embeddable":true,"href":"https:\/\/arroyitoonline.com.ar\/index.php?rest_route=%2Fwp%2Fv2%2Ftags&post=12273"}],"curies":[{"name":"wp","href":"https:\/\/api.w.org\/{rel}","templated":true}]}}