{"id":12333,"date":"2021-04-23T14:25:38","date_gmt":"2021-04-23T14:25:38","guid":{"rendered":"https:\/\/arroyitoonline.com.ar\/?p=12333"},"modified":"2021-04-23T14:25:40","modified_gmt":"2021-04-23T14:25:40","slug":"benedetti-gestiono-oxigeno-para-las-36-habitaciones-del-hospital-municipal-carlos-j-rodriguez","status":"publish","type":"post","link":"https:\/\/arroyitoonline.com.ar\/?p=12333","title":{"rendered":"Benedetti gestion\u00f3 ox\u00edgeno para las 36 habitaciones del Hospital Municipal Carlos J. Rodr\u00edguez"},"content":{"rendered":"\n<p><strong>La inversi\u00f3n es de 1.600.000 pesos. En estos d\u00edas se adjudicar\u00e1, comenzando as\u00ed, lo m\u00e1s pronto posible.<\/strong><\/p>\n\n\n\n<p>Ayer, reunido con el Ministro de Salud del Gobierno de la Provincia de C\u00f3rdoba, Diego Cardozo, el intendente Gustavo Benedetti firm\u00f3 un convenio para la provisi\u00f3n de ox\u00edgeno a 36 camas del Bloque 5 Internado del Hospital Municipal de Autogesti\u00f3n Carlos J. Rodr\u00edguez.<\/p>\n\n\n\n<p>La inversi\u00f3n de la Provincia es de 1.600.000 pesos. En estos d\u00edas se contratar\u00e1 a una de las cinco empresas disponibles, quienes cotizar\u00e1n para la adjudicaci\u00f3n, comenzando as\u00ed, lo m\u00e1s pronto posible.<\/p>\n\n\n\n<p><em>\u201cEste importante avance, mejora ampliamente nuestra capacidad de atenci\u00f3n del covid-19&#8243;<\/em>, dijo el intendente Gustavo Benedetti, y agreg\u00f3 que <em>&#8220;la salud es nuestra prioridad y estamos trabajando permanentemente por nuestros vecinos&#8221;<\/em>.<\/p>\n\n\n\n<p>Bloque 5 internado<\/p>\n","protected":false},"excerpt":{"rendered":"<p>La inversi\u00f3n es de 1.600.000 pesos. En estos d\u00edas se adjudicar\u00e1, comenzando as\u00ed, lo m\u00e1s pronto posible. Ayer, reunido con&hellip;<\/p>\n","protected":false},"author":3,"featured_media":12336,"comment_status":"closed","ping_status":"open","sticky":false,"template":"","format":"standard","meta":{"footnotes":""},"categories":[9],"tags":[66,67,836,115,1108,1152,404,405,1102,968,572,706],"class_list":["post-12333","post","type-post","status-publish","format-standard","has-post-thumbnail","hentry","category-infosalud","tag-arroyito","tag-arroyito-cordoba","tag-arroyito-online","tag-benedetti","tag-coronavirus","tag-covid-19","tag-gobierno-de-cordoba","tag-gobierno-de-la-provincia","tag-gobierno-municipal","tag-gustavo-benedetti","tag-noticias-de-arroyito-y-zona","tag-salud"],"_links":{"self":[{"href":"https:\/\/arroyitoonline.com.ar\/index.php?rest_route=\/wp\/v2\/posts\/12333","targetHints":{"allow":["GET"]}}],"collection":[{"href":"https:\/\/arroyitoonline.com.ar\/index.php?rest_route=\/wp\/v2\/posts"}],"about":[{"href":"https:\/\/arroyitoonline.com.ar\/index.php?rest_route=\/wp\/v2\/types\/post"}],"author":[{"embeddable":true,"href":"https:\/\/arroyitoonline.com.ar\/index.php?rest_route=\/wp\/v2\/users\/3"}],"replies":[{"embeddable":true,"href":"https:\/\/arroyitoonline.com.ar\/index.php?rest_route=%2Fwp%2Fv2%2Fcomments&post=12333"}],"version-history":[{"count":1,"href":"https:\/\/arroyitoonline.com.ar\/index.php?rest_route=\/wp\/v2\/posts\/12333\/revisions"}],"predecessor-version":[{"id":12337,"href":"https:\/\/arroyitoonline.com.ar\/index.php?rest_route=\/wp\/v2\/posts\/12333\/revisions\/12337"}],"wp:featuredmedia":[{"embeddable":true,"href":"https:\/\/arroyitoonline.com.ar\/index.php?rest_route=\/wp\/v2\/media\/12336"}],"wp:attachment":[{"href":"https:\/\/arroyitoonline.com.ar\/index.php?rest_route=%2Fwp%2Fv2%2Fmedia&parent=12333"}],"wp:term":[{"taxonomy":"category","embeddable":true,"href":"https:\/\/arroyitoonline.com.ar\/index.php?rest_route=%2Fwp%2Fv2%2Fcategories&post=12333"},{"taxonomy":"post_tag","embeddable":true,"href":"https:\/\/arroyitoonline.com.ar\/index.php?rest_route=%2Fwp%2Fv2%2Ftags&post=12333"}],"curies":[{"name":"wp","href":"https:\/\/api.w.org\/{rel}","templated":true}]}}