{"id":12345,"date":"2021-04-25T15:04:35","date_gmt":"2021-04-25T15:04:35","guid":{"rendered":"https:\/\/arroyitoonline.com.ar\/?p=12345"},"modified":"2021-04-26T13:58:25","modified_gmt":"2021-04-26T13:58:25","slug":"covid-19-en-arroyito-fallecio-una-mujer-de-75-anos","status":"publish","type":"post","link":"https:\/\/arroyitoonline.com.ar\/?p=12345","title":{"rendered":"Covid-19 en Arroyito: falleci\u00f3 una mujer de 75 a\u00f1os"},"content":{"rendered":"\n<p><strong>Hasta el momento, son 41 los decesos en el \u00e1mbito local, vinculados a la pandemia coronavirus.<\/strong><\/p>\n\n\n\n<p>Este s\u00e1bado se produjo el fallecimiento de otro paciente de Arroyito con covid-19. Se trata de una mujer de 75 a\u00f1os, que permanec\u00eda internada en la cl\u00ednica Serem. Hasta el momento, son 41 los decesos en el \u00e1mbito local, vinculados a la pandemia coronavirus.<\/p>\n\n\n\n<p>Adem\u00e1s, seg\u00fan lo inform\u00f3 el CEA, ayer se registraron 20 nuevos casos de covid-19 en Arroyito, elevando la cifra total a 136 positivos activos.<\/p>\n\n\n\n<p>Este s\u00e1bado se recuperaron 16 personas recibiendo alta m\u00e9dica. El n\u00famero de pacientes recuperados hasta el momento es de 1638.<\/p>\n\n\n\n<p>Desde que comenz\u00f3 la emergencia sanitaria se contabiliza un total de 1815 casos (sumando los actuales activos, recuperados y 41 decesos).<\/p>\n\n\n\n<p>Lavado de manos, distancia social y uso de barbijo siguen siendo fundamentales para evitar el ascenso de casos.<\/p>\n\n\n\n<p>&#8220;Debemos continuar aplanando la curva de contagios por la salud de nuestra comunidad&#8221;, indicaron desde el Gobierno Municipal.<\/p>\n","protected":false},"excerpt":{"rendered":"<p>Hasta el momento, son 41 los decesos en el \u00e1mbito local, vinculados a la pandemia coronavirus. Este s\u00e1bado se produjo&hellip;<\/p>\n","protected":false},"author":3,"featured_media":11634,"comment_status":"closed","ping_status":"open","sticky":false,"template":"","format":"standard","meta":{"footnotes":""},"categories":[9],"tags":[66,67,836,1143,1149,1108,1152,1167,572,1115],"class_list":["post-12345","post","type-post","status-publish","format-standard","has-post-thumbnail","hentry","category-infosalud","tag-arroyito","tag-arroyito-cordoba","tag-arroyito-online","tag-barbijo","tag-centro-de-emergencias-de-arroyito","tag-coronavirus","tag-covid-19","tag-distanciamiento-social-preventivo-y-obligatorio","tag-noticias-de-arroyito-y-zona","tag-serem-privado"],"_links":{"self":[{"href":"https:\/\/arroyitoonline.com.ar\/index.php?rest_route=\/wp\/v2\/posts\/12345","targetHints":{"allow":["GET"]}}],"collection":[{"href":"https:\/\/arroyitoonline.com.ar\/index.php?rest_route=\/wp\/v2\/posts"}],"about":[{"href":"https:\/\/arroyitoonline.com.ar\/index.php?rest_route=\/wp\/v2\/types\/post"}],"author":[{"embeddable":true,"href":"https:\/\/arroyitoonline.com.ar\/index.php?rest_route=\/wp\/v2\/users\/3"}],"replies":[{"embeddable":true,"href":"https:\/\/arroyitoonline.com.ar\/index.php?rest_route=%2Fwp%2Fv2%2Fcomments&post=12345"}],"version-history":[{"count":2,"href":"https:\/\/arroyitoonline.com.ar\/index.php?rest_route=\/wp\/v2\/posts\/12345\/revisions"}],"predecessor-version":[{"id":12358,"href":"https:\/\/arroyitoonline.com.ar\/index.php?rest_route=\/wp\/v2\/posts\/12345\/revisions\/12358"}],"wp:featuredmedia":[{"embeddable":true,"href":"https:\/\/arroyitoonline.com.ar\/index.php?rest_route=\/wp\/v2\/media\/11634"}],"wp:attachment":[{"href":"https:\/\/arroyitoonline.com.ar\/index.php?rest_route=%2Fwp%2Fv2%2Fmedia&parent=12345"}],"wp:term":[{"taxonomy":"category","embeddable":true,"href":"https:\/\/arroyitoonline.com.ar\/index.php?rest_route=%2Fwp%2Fv2%2Fcategories&post=12345"},{"taxonomy":"post_tag","embeddable":true,"href":"https:\/\/arroyitoonline.com.ar\/index.php?rest_route=%2Fwp%2Fv2%2Ftags&post=12345"}],"curies":[{"name":"wp","href":"https:\/\/api.w.org\/{rel}","templated":true}]}}