{"id":12357,"date":"2021-04-26T14:02:58","date_gmt":"2021-04-26T14:02:58","guid":{"rendered":"https:\/\/arroyitoonline.com.ar\/?p=12357"},"modified":"2021-04-26T14:03:00","modified_gmt":"2021-04-26T14:03:00","slug":"covid-19-en-arroyito-son-131-los-casos-positivos-activos-2","status":"publish","type":"post","link":"https:\/\/arroyitoonline.com.ar\/?p=12357","title":{"rendered":"Covid-19 en Arroyito: son 131 los casos positivos activos"},"content":{"rendered":"\n<p><strong>Ayer se registraron 15 nuevos casos y 20 personas recibieron alta m\u00e9dica, haciendo un total de 1658 pacientes recuperados.<\/strong><\/p>\n\n\n\n<p>Seg\u00fan lo inform\u00f3 el CEA, ayer se registraron 15 nuevos casos de\u00a0covid-19\u00a0en Arroyito, elevando la cifra total a 131 positivos activos.<\/p>\n\n\n\n<p>Adem\u00e1s, este domingo se recuperaron 20 personas recibiendo alta m\u00e9dica. El n\u00famero de pacientes recuperados hasta el momento es de 1658.<\/p>\n\n\n\n<p>Desde que comenz\u00f3 la emergencia sanitaria se contabiliza un total de 1830 casos (sumando los actuales activos, recuperados y 41 decesos).<\/p>\n\n\n\n<p>Lavado de manos, distancia social y uso de barbijo siguen siendo fundamentales para evitar el ascenso de casos.<\/p>\n\n\n\n<p><em>\u201cDebemos continuar aplanando la curva de contagios por la salud de nuestra comunidad\u201d<\/em>, indicaron desde el Gobierno Municipal.<\/p>\n","protected":false},"excerpt":{"rendered":"<p>Ayer se registraron 15 nuevos casos y 20 personas recibieron alta m\u00e9dica, haciendo un total de 1658 pacientes recuperados. Seg\u00fan&hellip;<\/p>\n","protected":false},"author":3,"featured_media":12292,"comment_status":"closed","ping_status":"open","sticky":false,"template":"","format":"standard","meta":{"footnotes":""},"categories":[9],"tags":[66,67,836,1149,1108,1152,1167,572],"class_list":["post-12357","post","type-post","status-publish","format-standard","has-post-thumbnail","hentry","category-infosalud","tag-arroyito","tag-arroyito-cordoba","tag-arroyito-online","tag-centro-de-emergencias-de-arroyito","tag-coronavirus","tag-covid-19","tag-distanciamiento-social-preventivo-y-obligatorio","tag-noticias-de-arroyito-y-zona"],"_links":{"self":[{"href":"https:\/\/arroyitoonline.com.ar\/index.php?rest_route=\/wp\/v2\/posts\/12357","targetHints":{"allow":["GET"]}}],"collection":[{"href":"https:\/\/arroyitoonline.com.ar\/index.php?rest_route=\/wp\/v2\/posts"}],"about":[{"href":"https:\/\/arroyitoonline.com.ar\/index.php?rest_route=\/wp\/v2\/types\/post"}],"author":[{"embeddable":true,"href":"https:\/\/arroyitoonline.com.ar\/index.php?rest_route=\/wp\/v2\/users\/3"}],"replies":[{"embeddable":true,"href":"https:\/\/arroyitoonline.com.ar\/index.php?rest_route=%2Fwp%2Fv2%2Fcomments&post=12357"}],"version-history":[{"count":1,"href":"https:\/\/arroyitoonline.com.ar\/index.php?rest_route=\/wp\/v2\/posts\/12357\/revisions"}],"predecessor-version":[{"id":12359,"href":"https:\/\/arroyitoonline.com.ar\/index.php?rest_route=\/wp\/v2\/posts\/12357\/revisions\/12359"}],"wp:featuredmedia":[{"embeddable":true,"href":"https:\/\/arroyitoonline.com.ar\/index.php?rest_route=\/wp\/v2\/media\/12292"}],"wp:attachment":[{"href":"https:\/\/arroyitoonline.com.ar\/index.php?rest_route=%2Fwp%2Fv2%2Fmedia&parent=12357"}],"wp:term":[{"taxonomy":"category","embeddable":true,"href":"https:\/\/arroyitoonline.com.ar\/index.php?rest_route=%2Fwp%2Fv2%2Fcategories&post=12357"},{"taxonomy":"post_tag","embeddable":true,"href":"https:\/\/arroyitoonline.com.ar\/index.php?rest_route=%2Fwp%2Fv2%2Ftags&post=12357"}],"curies":[{"name":"wp","href":"https:\/\/api.w.org\/{rel}","templated":true}]}}