{"id":12373,"date":"2021-04-26T19:37:58","date_gmt":"2021-04-26T19:37:58","guid":{"rendered":"https:\/\/arroyitoonline.com.ar\/?p=12373"},"modified":"2021-04-26T19:37:59","modified_gmt":"2021-04-26T19:37:59","slug":"el-gobierno-municipal-no-autoriza-la-apertura-de-supermercados-el-domingo-2-de-mayo","status":"publish","type":"post","link":"https:\/\/arroyitoonline.com.ar\/?p=12373","title":{"rendered":"El Gobierno Municipal no autoriza la apertura de supermercados el domingo 2 de mayo"},"content":{"rendered":"\n<p><strong>El Centro Comercial hab\u00eda hecho la gesti\u00f3n, ya que el s\u00e1bado 1\u00b0 estar\u00e1 cerrado por conmemorarse el D\u00eda Internacional de los Trabajadores.<\/strong><\/p>\n\n\n\n<p>El 20 de abril pasado, el<strong> Centro Comercial e Industrial de Arroyito <\/strong>envi\u00f3 una nota al <strong>Gobierno Municipal<\/strong>. En la misiva, la presidenta del CCIA, Valeria Bonetto, <strong>le solicitaba al Ejecutivo que permitiese la apertura al sector supermercadista el domingo  2 de mayo<\/strong>, ya que el s\u00e1bado 1\u00b0 estar\u00e1 cerrado en conmemoraci\u00f3n al <em>D\u00eda Internacional de los Trabajadores<\/em>. <\/p>\n\n\n\n<p>Para que estas superficies comerciales no permanecieran sin abrir durante 48 horas y, teniendo en cuenta que en ocasiones similares desde que comenz\u00f3 la emergencia sanitaria, les hab\u00edan permitido atender al p\u00fablico los domingos, realizaron la gesti\u00f3n. Pero, esta vez,<strong> la respuesta fue negativa<\/strong>. <\/p>\n\n\n\n<div class=\"wp-block-image\"><figure class=\"aligncenter size-large\"><img loading=\"lazy\" decoding=\"async\" width=\"704\" height=\"1024\" src=\"https:\/\/arroyitoonline.com.ar\/wp-content\/uploads\/2021\/04\/apertura-domingo-2-de-mayo-denegada-704x1024.jpg\" alt=\"\" class=\"wp-image-12376\" srcset=\"https:\/\/arroyitoonline.com.ar\/wp-content\/uploads\/2021\/04\/apertura-domingo-2-de-mayo-denegada-704x1024.jpg 704w, https:\/\/arroyitoonline.com.ar\/wp-content\/uploads\/2021\/04\/apertura-domingo-2-de-mayo-denegada-206x300.jpg 206w, https:\/\/arroyitoonline.com.ar\/wp-content\/uploads\/2021\/04\/apertura-domingo-2-de-mayo-denegada-768x1117.jpg 768w, https:\/\/arroyitoonline.com.ar\/wp-content\/uploads\/2021\/04\/apertura-domingo-2-de-mayo-denegada.jpg 880w\" sizes=\"auto, (max-width: 704px) 100vw, 704px\" \/><figcaption><em>La nota con fecha el 22 de abril firmada por el coordinador General de Gabinete.<\/em><\/figcaption><\/figure><\/div>\n\n\n\n<p>En la nota fechada el 22 de abril, el coordinador General de Gabinete, Javier Novara, explica que <em><strong>&#8220;es decisi\u00f3n NO AUTORIZAR&#8221;<\/strong><\/em> la apertura de los supermercados el domingo 2 de mayo, porque se encuentra en plena vigencia la <strong>ordenanza 1660\/2014: <em>\u201cDescanso dominical del trabajador\u201d<\/em><\/strong>, para superficies comerciales de m\u00e1s de 100 metros cuadrados. <\/p>\n\n\n\n<p>Adem\u00e1s, fuentes revelaron a Arroyito Online que la resoluci\u00f3n responder\u00eda tambi\u00e9n al crecimiento diario de casos de covid-19 en nuestra ciudad, el cual se evidencia sobre todo, desde la \u00faltima semana. <\/p>\n","protected":false},"excerpt":{"rendered":"<p>El Centro Comercial hab\u00eda hecho la gesti\u00f3n, ya que el s\u00e1bado 1\u00b0 estar\u00e1 cerrado por conmemorarse el D\u00eda Internacional de&hellip;<\/p>\n","protected":false},"author":3,"featured_media":3449,"comment_status":"closed","ping_status":"open","sticky":false,"template":"","format":"standard","meta":{"footnotes":""},"categories":[996],"tags":[66,67,836,168,217,992,1102,572,745],"class_list":["post-12373","post","type-post","status-publish","format-standard","has-post-thumbnail","hentry","category-comercio","tag-arroyito","tag-arroyito-cordoba","tag-arroyito-online","tag-centro-comercial","tag-comercio","tag-descanso-dominical-del-trabajador","tag-gobierno-municipal","tag-noticias-de-arroyito-y-zona","tag-supermercados"],"_links":{"self":[{"href":"https:\/\/arroyitoonline.com.ar\/index.php?rest_route=\/wp\/v2\/posts\/12373","targetHints":{"allow":["GET"]}}],"collection":[{"href":"https:\/\/arroyitoonline.com.ar\/index.php?rest_route=\/wp\/v2\/posts"}],"about":[{"href":"https:\/\/arroyitoonline.com.ar\/index.php?rest_route=\/wp\/v2\/types\/post"}],"author":[{"embeddable":true,"href":"https:\/\/arroyitoonline.com.ar\/index.php?rest_route=\/wp\/v2\/users\/3"}],"replies":[{"embeddable":true,"href":"https:\/\/arroyitoonline.com.ar\/index.php?rest_route=%2Fwp%2Fv2%2Fcomments&post=12373"}],"version-history":[{"count":3,"href":"https:\/\/arroyitoonline.com.ar\/index.php?rest_route=\/wp\/v2\/posts\/12373\/revisions"}],"predecessor-version":[{"id":12377,"href":"https:\/\/arroyitoonline.com.ar\/index.php?rest_route=\/wp\/v2\/posts\/12373\/revisions\/12377"}],"wp:featuredmedia":[{"embeddable":true,"href":"https:\/\/arroyitoonline.com.ar\/index.php?rest_route=\/wp\/v2\/media\/3449"}],"wp:attachment":[{"href":"https:\/\/arroyitoonline.com.ar\/index.php?rest_route=%2Fwp%2Fv2%2Fmedia&parent=12373"}],"wp:term":[{"taxonomy":"category","embeddable":true,"href":"https:\/\/arroyitoonline.com.ar\/index.php?rest_route=%2Fwp%2Fv2%2Fcategories&post=12373"},{"taxonomy":"post_tag","embeddable":true,"href":"https:\/\/arroyitoonline.com.ar\/index.php?rest_route=%2Fwp%2Fv2%2Ftags&post=12373"}],"curies":[{"name":"wp","href":"https:\/\/api.w.org\/{rel}","templated":true}]}}