{"id":12381,"date":"2021-04-27T14:03:04","date_gmt":"2021-04-27T14:03:04","guid":{"rendered":"https:\/\/arroyitoonline.com.ar\/?p=12381"},"modified":"2021-04-27T14:03:06","modified_gmt":"2021-04-27T14:03:06","slug":"claudia-gaitan-es-la-nueva-directora-del-ipetaym-68","status":"publish","type":"post","link":"https:\/\/arroyitoonline.com.ar\/?p=12381","title":{"rendered":"Claudia Gait\u00e1n es la nueva directora del Ipetaym 68"},"content":{"rendered":"\n<p><strong>La docente con 30 a\u00f1os de trayectoria ocupaba la vicedirecci\u00f3n y, tras la dimisi\u00f3n de Carlos Goncebat, fue designada.<\/strong><\/p>\n\n\n\n<p>El pasado jueves 22 de abril, la inspectora T\u00e9cnica Zona X, Lic. Claudia M\u00e9ndez, puso en funciones a la flamante directora del Ipetaym N\u00b0 68 Coronel Don Luis \u00c1lvarez, profesora Claudia Zaida Gait\u00e1n.<\/p>\n\n\n\n<p>Adem\u00e1s, M\u00e9ndez aprovech\u00f3 la oportunidad para recorrer la instituci\u00f3n y convers\u00f3 con el equipo docente (profesores, maestros de Ense\u00f1anza T\u00e9cnica, secretarios y preceptores).<\/p>\n\n\n\n<p>En este sentido, desde la cuenta de Facebook de la Inspecci\u00f3n de Educaci\u00f3n T\u00e9cnica Zona X le desearon <em>&#8220;\u00e9xitos en su gesti\u00f3n&#8221;<\/em>, expresando que<em> &#8220;la acompa\u00f1aremos para garantizar una escuela en la que la palabra de estudiantes, docentes y familias sea escuchada y tenida en cuenta para cada decisi\u00f3n institucional&#8221;<\/em>. <\/p>\n\n\n\n<p>Gait\u00e1n, con m\u00e1s de 30 a\u00f1os de trayectoria, relev\u00f3 a Carlos Goncebat, quien hab\u00eda ocupado el cargo durante los dos \u00faltimos a\u00f1os. La docente, por su parte, asumi\u00f3 como vicedirectora el 9 de septiembre de 2019 y, tras la dimisi\u00f3n de Goncebat, fue designada al frente de la entidad educativa. <\/p>\n\n\n\n<p>Al respecto, sobre su renuncia, el exdirector explic\u00f3 que <em>&#8220;algo debe pasar para crecer: soltar e irse mejor de lo que se llega. Gracias comunidad educativa del Ipetaym N\u00b0 68, por dos a\u00f1os que han cambiado mi vida. Me voy lleno de amor y paz&#8221;<\/em>.<\/p>\n","protected":false},"excerpt":{"rendered":"<p>La docente con 30 a\u00f1os de trayectoria ocupaba la vicedirecci\u00f3n y, tras la dimisi\u00f3n de Carlos Goncebat, fue designada. El&hellip;<\/p>\n","protected":false},"author":3,"featured_media":12382,"comment_status":"closed","ping_status":"open","sticky":false,"template":"","format":"standard","meta":{"footnotes":""},"categories":[830],"tags":[66,67,836,310,339,462,572],"class_list":["post-12381","post","type-post","status-publish","format-standard","has-post-thumbnail","hentry","category-educacion-online","tag-arroyito","tag-arroyito-cordoba","tag-arroyito-online","tag-educacion","tag-escuela","tag-ipetaym-68","tag-noticias-de-arroyito-y-zona"],"_links":{"self":[{"href":"https:\/\/arroyitoonline.com.ar\/index.php?rest_route=\/wp\/v2\/posts\/12381","targetHints":{"allow":["GET"]}}],"collection":[{"href":"https:\/\/arroyitoonline.com.ar\/index.php?rest_route=\/wp\/v2\/posts"}],"about":[{"href":"https:\/\/arroyitoonline.com.ar\/index.php?rest_route=\/wp\/v2\/types\/post"}],"author":[{"embeddable":true,"href":"https:\/\/arroyitoonline.com.ar\/index.php?rest_route=\/wp\/v2\/users\/3"}],"replies":[{"embeddable":true,"href":"https:\/\/arroyitoonline.com.ar\/index.php?rest_route=%2Fwp%2Fv2%2Fcomments&post=12381"}],"version-history":[{"count":1,"href":"https:\/\/arroyitoonline.com.ar\/index.php?rest_route=\/wp\/v2\/posts\/12381\/revisions"}],"predecessor-version":[{"id":12383,"href":"https:\/\/arroyitoonline.com.ar\/index.php?rest_route=\/wp\/v2\/posts\/12381\/revisions\/12383"}],"wp:featuredmedia":[{"embeddable":true,"href":"https:\/\/arroyitoonline.com.ar\/index.php?rest_route=\/wp\/v2\/media\/12382"}],"wp:attachment":[{"href":"https:\/\/arroyitoonline.com.ar\/index.php?rest_route=%2Fwp%2Fv2%2Fmedia&parent=12381"}],"wp:term":[{"taxonomy":"category","embeddable":true,"href":"https:\/\/arroyitoonline.com.ar\/index.php?rest_route=%2Fwp%2Fv2%2Fcategories&post=12381"},{"taxonomy":"post_tag","embeddable":true,"href":"https:\/\/arroyitoonline.com.ar\/index.php?rest_route=%2Fwp%2Fv2%2Ftags&post=12381"}],"curies":[{"name":"wp","href":"https:\/\/api.w.org\/{rel}","templated":true}]}}