{"id":12416,"date":"2021-04-30T14:08:51","date_gmt":"2021-04-30T14:08:51","guid":{"rendered":"https:\/\/arroyitoonline.com.ar\/?p=12416"},"modified":"2021-04-30T14:19:35","modified_gmt":"2021-04-30T14:19:35","slug":"servicios-publicos-reparo-y-pinto-cordones-de-la-av-bernardi","status":"publish","type":"post","link":"https:\/\/arroyitoonline.com.ar\/?p=12416","title":{"rendered":"Servicios P\u00fablicos repar\u00f3 y pint\u00f3 cordones de la Av. Bernardi"},"content":{"rendered":"\n<p><strong>Adem\u00e1s, colocaron carteler\u00eda que indica la prohibici\u00f3n del estacionamiento de camiones.<\/strong><\/p>\n\n\n\n<p><strong>La Secretar\u00eda de Servicios P\u00fablicos del Gobierno Municipal estuvo trabajando en la se\u00f1alizaci\u00f3n y mejora de la Av. Bernardi, debido al tr\u00e1nsito pesado que por all\u00ed circula.<\/strong><\/p>\n\n\n\n<p><strong>En este marco, realizaron limpieza y pintura de cordones del sentido este y colocaron carteler\u00eda que indica la prohibici\u00f3n del estacionamiento de camiones.<\/strong><\/p>\n\n\n\n<figure class=\"wp-block-image size-large\"><img loading=\"lazy\" decoding=\"async\" width=\"1024\" height=\"682\" src=\"https:\/\/arroyitoonline.com.ar\/wp-content\/uploads\/2021\/04\/prohibido-estacionar-camiones-bernardi.jpg\" alt=\"\" class=\"wp-image-12417\" srcset=\"https:\/\/arroyitoonline.com.ar\/wp-content\/uploads\/2021\/04\/prohibido-estacionar-camiones-bernardi.jpg 1024w, https:\/\/arroyitoonline.com.ar\/wp-content\/uploads\/2021\/04\/prohibido-estacionar-camiones-bernardi-300x200.jpg 300w, https:\/\/arroyitoonline.com.ar\/wp-content\/uploads\/2021\/04\/prohibido-estacionar-camiones-bernardi-768x512.jpg 768w\" sizes=\"auto, (max-width: 1024px) 100vw, 1024px\" \/><\/figure>\n\n\n\n<p><strong>Son numerosas las tareas que ejecuta el \u00e1rea de Servicios P\u00fablicos<\/strong>: ripiado, reparaci\u00f3n de cordones y veredas, poda, corte de pasto, atenci\u00f3n de reclamos, mantenimiento de los servicios, recolecci\u00f3n de residuos y de poda y escombros.<\/p>\n","protected":false},"excerpt":{"rendered":"<p>Adem\u00e1s, colocaron carteler\u00eda que indica la prohibici\u00f3n del estacionamiento de camiones. La Secretar\u00eda de Servicios P\u00fablicos del Gobierno Municipal estuvo&hellip;<\/p>\n","protected":false},"author":3,"featured_media":12418,"comment_status":"closed","ping_status":"open","sticky":false,"template":"","format":"standard","meta":{"footnotes":""},"categories":[879],"tags":[66,67,836,138,1238,245,1102,572,731,732],"class_list":["post-12416","post","type-post","status-publish","format-standard","has-post-thumbnail","hentry","category-servicios-publicos","tag-arroyito","tag-arroyito-cordoba","tag-arroyito-online","tag-calles","tag-camiones","tag-cordon-cuneta","tag-gobierno-municipal","tag-noticias-de-arroyito-y-zona","tag-servicios","tag-servicios-publicos"],"_links":{"self":[{"href":"https:\/\/arroyitoonline.com.ar\/index.php?rest_route=\/wp\/v2\/posts\/12416","targetHints":{"allow":["GET"]}}],"collection":[{"href":"https:\/\/arroyitoonline.com.ar\/index.php?rest_route=\/wp\/v2\/posts"}],"about":[{"href":"https:\/\/arroyitoonline.com.ar\/index.php?rest_route=\/wp\/v2\/types\/post"}],"author":[{"embeddable":true,"href":"https:\/\/arroyitoonline.com.ar\/index.php?rest_route=\/wp\/v2\/users\/3"}],"replies":[{"embeddable":true,"href":"https:\/\/arroyitoonline.com.ar\/index.php?rest_route=%2Fwp%2Fv2%2Fcomments&post=12416"}],"version-history":[{"count":2,"href":"https:\/\/arroyitoonline.com.ar\/index.php?rest_route=\/wp\/v2\/posts\/12416\/revisions"}],"predecessor-version":[{"id":12420,"href":"https:\/\/arroyitoonline.com.ar\/index.php?rest_route=\/wp\/v2\/posts\/12416\/revisions\/12420"}],"wp:featuredmedia":[{"embeddable":true,"href":"https:\/\/arroyitoonline.com.ar\/index.php?rest_route=\/wp\/v2\/media\/12418"}],"wp:attachment":[{"href":"https:\/\/arroyitoonline.com.ar\/index.php?rest_route=%2Fwp%2Fv2%2Fmedia&parent=12416"}],"wp:term":[{"taxonomy":"category","embeddable":true,"href":"https:\/\/arroyitoonline.com.ar\/index.php?rest_route=%2Fwp%2Fv2%2Fcategories&post=12416"},{"taxonomy":"post_tag","embeddable":true,"href":"https:\/\/arroyitoonline.com.ar\/index.php?rest_route=%2Fwp%2Fv2%2Ftags&post=12416"}],"curies":[{"name":"wp","href":"https:\/\/api.w.org\/{rel}","templated":true}]}}