{"id":12428,"date":"2021-04-30T20:33:38","date_gmt":"2021-04-30T20:33:38","guid":{"rendered":"https:\/\/arroyitoonline.com.ar\/?p=12428"},"modified":"2021-05-03T14:26:34","modified_gmt":"2021-05-03T14:26:34","slug":"covid-19-en-arroyito-fallecio-un-hombre-de-69-anos","status":"publish","type":"post","link":"https:\/\/arroyitoonline.com.ar\/?p=12428","title":{"rendered":"Covid-19 en Arroyito: falleci\u00f3 un hombre de 69 a\u00f1os"},"content":{"rendered":"\n<p><strong>Hasta el momento, son 44 los decesos en el \u00e1mbito local, vinculados a la pandemia coronavirus.<\/strong><\/p>\n\n\n\n<p>Ayer se produjo el fallecimiento de un paciente de Arroyito con covid-19. Se trata de un hombre de 69 a\u00f1os, que se encontraba internado en el Sanatorio El Salvador de la ciudad de C\u00f3rdoba. Hasta el momento, son 45 los decesos en el \u00e1mbito local, vinculados a la pandemia coronavirus.<\/p>\n\n\n\n<p>Adem\u00e1s, seg\u00fan lo inform\u00f3 el CEA, ayer se registraron nueve nuevos casos de covid-19 en Arroyito, elevando la cifra total a 117 positivos activos.<\/p>\n\n\n\n<p>Este jueves se recuperaron nueve personas recibiendo alta m\u00e9dica. El n\u00famero de pacientes recuperados hasta el momento es de 1709.<\/p>\n\n\n\n<p>Desde que comenz\u00f3 la emergencia sanitaria se contabiliza un total de 1870 casos (sumando los actuales activos, recuperados y 44 decesos).<\/p>\n\n\n\n<p>Lavado de manos, distancia social y uso de barbijo siguen siendo fundamentales para evitar el ascenso de casos.<\/p>\n\n\n\n<p>\u201cDebemos continuar aplanando la curva de contagios por la salud de nuestra comunidad\u201d, indicaron desde el Gobierno Municipal.<\/p>\n","protected":false},"excerpt":{"rendered":"<p>Hasta el momento, son 44 los decesos en el \u00e1mbito local, vinculados a la pandemia coronavirus. Ayer se produjo el&hellip;<\/p>\n","protected":false},"author":3,"featured_media":11634,"comment_status":"closed","ping_status":"open","sticky":false,"template":"","format":"standard","meta":{"footnotes":""},"categories":[9],"tags":[66,67,836,1149,244,1108,1152,1167,1102,1160,548,572],"class_list":["post-12428","post","type-post","status-publish","format-standard","has-post-thumbnail","hentry","category-infosalud","tag-arroyito","tag-arroyito-cordoba","tag-arroyito-online","tag-centro-de-emergencias-de-arroyito","tag-cordoba","tag-coronavirus","tag-covid-19","tag-distanciamiento-social-preventivo-y-obligatorio","tag-gobierno-municipal","tag-hisopados","tag-muerte","tag-noticias-de-arroyito-y-zona"],"_links":{"self":[{"href":"https:\/\/arroyitoonline.com.ar\/index.php?rest_route=\/wp\/v2\/posts\/12428","targetHints":{"allow":["GET"]}}],"collection":[{"href":"https:\/\/arroyitoonline.com.ar\/index.php?rest_route=\/wp\/v2\/posts"}],"about":[{"href":"https:\/\/arroyitoonline.com.ar\/index.php?rest_route=\/wp\/v2\/types\/post"}],"author":[{"embeddable":true,"href":"https:\/\/arroyitoonline.com.ar\/index.php?rest_route=\/wp\/v2\/users\/3"}],"replies":[{"embeddable":true,"href":"https:\/\/arroyitoonline.com.ar\/index.php?rest_route=%2Fwp%2Fv2%2Fcomments&post=12428"}],"version-history":[{"count":2,"href":"https:\/\/arroyitoonline.com.ar\/index.php?rest_route=\/wp\/v2\/posts\/12428\/revisions"}],"predecessor-version":[{"id":12441,"href":"https:\/\/arroyitoonline.com.ar\/index.php?rest_route=\/wp\/v2\/posts\/12428\/revisions\/12441"}],"wp:featuredmedia":[{"embeddable":true,"href":"https:\/\/arroyitoonline.com.ar\/index.php?rest_route=\/wp\/v2\/media\/11634"}],"wp:attachment":[{"href":"https:\/\/arroyitoonline.com.ar\/index.php?rest_route=%2Fwp%2Fv2%2Fmedia&parent=12428"}],"wp:term":[{"taxonomy":"category","embeddable":true,"href":"https:\/\/arroyitoonline.com.ar\/index.php?rest_route=%2Fwp%2Fv2%2Fcategories&post=12428"},{"taxonomy":"post_tag","embeddable":true,"href":"https:\/\/arroyitoonline.com.ar\/index.php?rest_route=%2Fwp%2Fv2%2Ftags&post=12428"}],"curies":[{"name":"wp","href":"https:\/\/api.w.org\/{rel}","templated":true}]}}