{"id":12430,"date":"2021-04-30T23:52:54","date_gmt":"2021-04-30T23:52:54","guid":{"rendered":"https:\/\/arroyitoonline.com.ar\/?p=12430"},"modified":"2021-05-01T02:45:54","modified_gmt":"2021-05-01T02:45:54","slug":"covid-19-quedan-suspendidas-las-competencias-deportivas-y-el-lunes-regiran-nuevas-restricciones","status":"publish","type":"post","link":"https:\/\/arroyitoonline.com.ar\/?p=12430","title":{"rendered":"Covid-19: quedan suspendidas las competencias deportivas y el lunes regir\u00e1n nuevas restricciones"},"content":{"rendered":"\n<p><strong>Benedetti convoc\u00f3 una sesi\u00f3n especial del Concejo Deliberante para que refrende el acta firmada entre los Gobiernos Provincial y municipales.<\/strong><\/p>\n\n\n\n<p>El intendente Gustavo Benedetti convoc\u00f3 al Concejo Deliberante para el lunes 3 de mayo, a una Sesi\u00f3n Especial, con motivo de que los ediles refrenden el Acta Acuerdo del Gobierno de la Provincia, que implica nuevas medidas de bioseguridad ante la segunda ola del covid-19. Las restricciones se dispusieron en una reuni\u00f3n virtual entre el vicegobernador e intendentes de toda C\u00f3rdoba.<\/p>\n\n\n\n<p>Las medidas, emanadas por el Gobierno Provincial, tendr\u00e1n vigencia desde la ratificaci\u00f3n en el Concejo Deliberante. Mientras tanto, contin\u00faan rigiendo las disposiciones que se encontraban en curso.<\/p>\n\n\n\n<p>Por otra parte,&nbsp;<strong>las actividades de competencia deportiva y eventos deportivos quedan suspendidos desde hoy. Esto no incluye las pr\u00e1cticas de los deportes.<\/strong><\/p>\n\n\n\n<p>Las medidas establecidas en el Acta de Provincia que entrar\u00e1n en vigencia a partir del lunes pr\u00f3ximo son:<\/p>\n\n\n\n<ul class=\"wp-block-list\"><li>La circulaci\u00f3n deber\u00e1 ser solo con justificaci\u00f3n desde las 23:00 y las 6:00 de lunes a viernes y de 0:00 a 6:00, para s\u00e1bados, domingos y feriados.<\/li><li>Las actividades comerciales no esenciales deber\u00e1n funcionar entre las 9:00 y las 21:00 horas. Los bares y restaurantes deber\u00e1n permanecer cerrados entre las 23:00 y las 6:00 horas de lunes a viernes, y desde las 0:00 hasta las 6:00 horas, los s\u00e1bados, domingos y feriados.<\/li><li>Los salones de fiestas o eventos, cumpliendo las restricciones horarias y los protocolos existentes, podr\u00e1n tener un aforo m\u00e1ximo del 30% de la capacidad habilitada.<\/li><li>Los gimnasios podr\u00e1n funcionar entre las 7:00 y las 22:00 horas.<\/li><\/ul>\n\n\n\n<p>Desde el Gobierno Municipal solicitan a los vecinos y a las familias que cumplan con las disposiciones y tomen medidas para evitar mayores contagios.<\/p>\n\n\n\n<p><em>&#8220;Vamos a seguir avanzando con la vacunaci\u00f3n como dispone Provincia y con los testeos masivos, disponiendo a toda la estructura municipal, para su agilidad y atenci\u00f3n&#8221;<\/em>, remarcaron e invitaron a<em> &#8220;extremar los protocolos de bioseguridad&#8221;<\/em><strong>.<\/strong><\/p>\n\n\n\n<p>Acta Acuerdo: <a href=\"https:\/\/www.municipioarroyito.gob.ar\/wp-content\/uploads\/2021\/04\/ACTA-REUNION-30-04-21.pdf\">ACTA-REUNION-30-04-21Descarga<\/a><\/p>\n","protected":false},"excerpt":{"rendered":"<p>Benedetti convoc\u00f3 una sesi\u00f3n especial del Concejo Deliberante para que refrende el acta firmada entre los Gobiernos Provincial y municipales.&hellip;<\/p>\n","protected":false},"author":3,"featured_media":12432,"comment_status":"closed","ping_status":"open","sticky":false,"template":"","format":"standard","meta":{"footnotes":""},"categories":[9],"tags":[66,67,836,1149,1108,1152,404,405,1102,968,572,842],"class_list":["post-12430","post","type-post","status-publish","format-standard","has-post-thumbnail","hentry","category-infosalud","tag-arroyito","tag-arroyito-cordoba","tag-arroyito-online","tag-centro-de-emergencias-de-arroyito","tag-coronavirus","tag-covid-19","tag-gobierno-de-cordoba","tag-gobierno-de-la-provincia","tag-gobierno-municipal","tag-gustavo-benedetti","tag-noticias-de-arroyito-y-zona","tag-vicegobernador"],"_links":{"self":[{"href":"https:\/\/arroyitoonline.com.ar\/index.php?rest_route=\/wp\/v2\/posts\/12430","targetHints":{"allow":["GET"]}}],"collection":[{"href":"https:\/\/arroyitoonline.com.ar\/index.php?rest_route=\/wp\/v2\/posts"}],"about":[{"href":"https:\/\/arroyitoonline.com.ar\/index.php?rest_route=\/wp\/v2\/types\/post"}],"author":[{"embeddable":true,"href":"https:\/\/arroyitoonline.com.ar\/index.php?rest_route=\/wp\/v2\/users\/3"}],"replies":[{"embeddable":true,"href":"https:\/\/arroyitoonline.com.ar\/index.php?rest_route=%2Fwp%2Fv2%2Fcomments&post=12430"}],"version-history":[{"count":3,"href":"https:\/\/arroyitoonline.com.ar\/index.php?rest_route=\/wp\/v2\/posts\/12430\/revisions"}],"predecessor-version":[{"id":12434,"href":"https:\/\/arroyitoonline.com.ar\/index.php?rest_route=\/wp\/v2\/posts\/12430\/revisions\/12434"}],"wp:featuredmedia":[{"embeddable":true,"href":"https:\/\/arroyitoonline.com.ar\/index.php?rest_route=\/wp\/v2\/media\/12432"}],"wp:attachment":[{"href":"https:\/\/arroyitoonline.com.ar\/index.php?rest_route=%2Fwp%2Fv2%2Fmedia&parent=12430"}],"wp:term":[{"taxonomy":"category","embeddable":true,"href":"https:\/\/arroyitoonline.com.ar\/index.php?rest_route=%2Fwp%2Fv2%2Fcategories&post=12430"},{"taxonomy":"post_tag","embeddable":true,"href":"https:\/\/arroyitoonline.com.ar\/index.php?rest_route=%2Fwp%2Fv2%2Ftags&post=12430"}],"curies":[{"name":"wp","href":"https:\/\/api.w.org\/{rel}","templated":true}]}}