{"id":12462,"date":"2021-05-04T21:50:55","date_gmt":"2021-05-04T21:50:55","guid":{"rendered":"https:\/\/arroyitoonline.com.ar\/?p=12462"},"modified":"2021-05-04T21:54:37","modified_gmt":"2021-05-04T21:54:37","slug":"fumigaron-contra-el-mosquito-transmisor-del-dengue","status":"publish","type":"post","link":"https:\/\/arroyitoonline.com.ar\/?p=12462","title":{"rendered":"Fumigaron contra el mosquito transmisor del dengue"},"content":{"rendered":"\n<p><strong>La Secretar\u00eda de Servicios P\u00fablicos del Gobierno Municipal recorri\u00f3 22 kil\u00f3metros pulverizando.<\/strong><\/p>\n\n\n\n<p>Ayer, la Secretar\u00eda de Servicios P\u00fablicos del Gobierno Municipal<strong> fumig\u00f3 en diversos sectores de la ciudad, contra el mosquito aedes aegypti<\/strong>, vector del dengue.<\/p>\n\n\n\n<figure class=\"wp-block-image\"><img decoding=\"async\" src=\"https:\/\/www.municipioarroyito.gob.ar\/wp-content\/uploads\/2021\/05\/c106b609-afe8-428e-8c1f-a7e8e5a9ce27-684x1024.jpg\" alt=\"\" class=\"wp-image-33434\"\/><figcaption><em>El plano del sector fumigado<\/em><\/figcaption><\/figure>\n\n\n\n<p>En total<strong>, recorrieron pulverizando 22 kil\u00f3metros, alcanzando las periferias de la ciudad, los per\u00edmetros de las plazas y los barrios norte, sur, este, oeste y centro.<\/strong><\/p>\n","protected":false},"excerpt":{"rendered":"<p>La Secretar\u00eda de Servicios P\u00fablicos del Gobierno Municipal recorri\u00f3 22 kil\u00f3metros pulverizando. Ayer, la Secretar\u00eda de Servicios P\u00fablicos del Gobierno&hellip;<\/p>\n","protected":false},"author":3,"featured_media":12465,"comment_status":"closed","ping_status":"open","sticky":false,"template":"","format":"standard","meta":{"footnotes":""},"categories":[879],"tags":[66,67,836,272,390,1102,546,572,630,732],"class_list":["post-12462","post","type-post","status-publish","format-standard","has-post-thumbnail","hentry","category-servicios-publicos","tag-arroyito","tag-arroyito-cordoba","tag-arroyito-online","tag-dengue","tag-fumigacion","tag-gobierno-municipal","tag-mosquitos","tag-noticias-de-arroyito-y-zona","tag-plazas","tag-servicios-publicos"],"_links":{"self":[{"href":"https:\/\/arroyitoonline.com.ar\/index.php?rest_route=\/wp\/v2\/posts\/12462","targetHints":{"allow":["GET"]}}],"collection":[{"href":"https:\/\/arroyitoonline.com.ar\/index.php?rest_route=\/wp\/v2\/posts"}],"about":[{"href":"https:\/\/arroyitoonline.com.ar\/index.php?rest_route=\/wp\/v2\/types\/post"}],"author":[{"embeddable":true,"href":"https:\/\/arroyitoonline.com.ar\/index.php?rest_route=\/wp\/v2\/users\/3"}],"replies":[{"embeddable":true,"href":"https:\/\/arroyitoonline.com.ar\/index.php?rest_route=%2Fwp%2Fv2%2Fcomments&post=12462"}],"version-history":[{"count":2,"href":"https:\/\/arroyitoonline.com.ar\/index.php?rest_route=\/wp\/v2\/posts\/12462\/revisions"}],"predecessor-version":[{"id":12464,"href":"https:\/\/arroyitoonline.com.ar\/index.php?rest_route=\/wp\/v2\/posts\/12462\/revisions\/12464"}],"wp:featuredmedia":[{"embeddable":true,"href":"https:\/\/arroyitoonline.com.ar\/index.php?rest_route=\/wp\/v2\/media\/12465"}],"wp:attachment":[{"href":"https:\/\/arroyitoonline.com.ar\/index.php?rest_route=%2Fwp%2Fv2%2Fmedia&parent=12462"}],"wp:term":[{"taxonomy":"category","embeddable":true,"href":"https:\/\/arroyitoonline.com.ar\/index.php?rest_route=%2Fwp%2Fv2%2Fcategories&post=12462"},{"taxonomy":"post_tag","embeddable":true,"href":"https:\/\/arroyitoonline.com.ar\/index.php?rest_route=%2Fwp%2Fv2%2Ftags&post=12462"}],"curies":[{"name":"wp","href":"https:\/\/api.w.org\/{rel}","templated":true}]}}