{"id":12485,"date":"2021-05-05T22:05:06","date_gmt":"2021-05-05T22:05:06","guid":{"rendered":"https:\/\/arroyitoonline.com.ar\/?p=12485"},"modified":"2021-05-05T22:05:08","modified_gmt":"2021-05-05T22:05:08","slug":"covid-19-en-arroyito-son-110-los-casos-positivos-activos","status":"publish","type":"post","link":"https:\/\/arroyitoonline.com.ar\/?p=12485","title":{"rendered":"Covid-19 en Arroyito: son 110 los casos positivos activos"},"content":{"rendered":"\n<p><strong>Ayer se registraron 13 nuevos casos y seis personas recibieron alta m\u00e9dica, haciendo un total de 1775 pacientes recuperados.<\/strong><\/p>\n\n\n\n<p>Seg\u00fan lo inform\u00f3 el CEA, ayer se registraron 13 nuevos casos de\u00a0covid-19\u00a0en Arroyito, elevando la cifra total a 110 positivos activos.<\/p>\n\n\n\n<p>Adem\u00e1s, este mi\u00e9rcoles se recuperaron seis personas recibiendo alta m\u00e9dica. El n\u00famero de pacientes recuperados hasta el momento es de 1775.<\/p>\n\n\n\n<p>Desde que comenz\u00f3 la emergencia sanitaria se contabiliza un total de 1930 casos (sumando los actuales activos, recuperados y 45 decesos).<\/p>\n\n\n\n<p>Lavado de manos, distancia social y uso de barbijo siguen siendo fundamentales para evitar el ascenso de casos.<\/p>\n\n\n\n<p><em>\u201cDebemos continuar aplanando la curva de contagios por la salud de nuestra comunidad\u201d<\/em>, indicaron desde el Gobierno Municipal.<\/p>\n","protected":false},"excerpt":{"rendered":"<p>Ayer se registraron 13 nuevos casos y seis personas recibieron alta m\u00e9dica, haciendo un total de 1775 pacientes recuperados. Seg\u00fan&hellip;<\/p>\n","protected":false},"author":3,"featured_media":11631,"comment_status":"closed","ping_status":"open","sticky":false,"template":"","format":"standard","meta":{"footnotes":""},"categories":[9],"tags":[66,67,836,1149,1108,1152,1102,1160,572],"class_list":["post-12485","post","type-post","status-publish","format-standard","has-post-thumbnail","hentry","category-infosalud","tag-arroyito","tag-arroyito-cordoba","tag-arroyito-online","tag-centro-de-emergencias-de-arroyito","tag-coronavirus","tag-covid-19","tag-gobierno-municipal","tag-hisopados","tag-noticias-de-arroyito-y-zona"],"_links":{"self":[{"href":"https:\/\/arroyitoonline.com.ar\/index.php?rest_route=\/wp\/v2\/posts\/12485","targetHints":{"allow":["GET"]}}],"collection":[{"href":"https:\/\/arroyitoonline.com.ar\/index.php?rest_route=\/wp\/v2\/posts"}],"about":[{"href":"https:\/\/arroyitoonline.com.ar\/index.php?rest_route=\/wp\/v2\/types\/post"}],"author":[{"embeddable":true,"href":"https:\/\/arroyitoonline.com.ar\/index.php?rest_route=\/wp\/v2\/users\/3"}],"replies":[{"embeddable":true,"href":"https:\/\/arroyitoonline.com.ar\/index.php?rest_route=%2Fwp%2Fv2%2Fcomments&post=12485"}],"version-history":[{"count":1,"href":"https:\/\/arroyitoonline.com.ar\/index.php?rest_route=\/wp\/v2\/posts\/12485\/revisions"}],"predecessor-version":[{"id":12486,"href":"https:\/\/arroyitoonline.com.ar\/index.php?rest_route=\/wp\/v2\/posts\/12485\/revisions\/12486"}],"wp:featuredmedia":[{"embeddable":true,"href":"https:\/\/arroyitoonline.com.ar\/index.php?rest_route=\/wp\/v2\/media\/11631"}],"wp:attachment":[{"href":"https:\/\/arroyitoonline.com.ar\/index.php?rest_route=%2Fwp%2Fv2%2Fmedia&parent=12485"}],"wp:term":[{"taxonomy":"category","embeddable":true,"href":"https:\/\/arroyitoonline.com.ar\/index.php?rest_route=%2Fwp%2Fv2%2Fcategories&post=12485"},{"taxonomy":"post_tag","embeddable":true,"href":"https:\/\/arroyitoonline.com.ar\/index.php?rest_route=%2Fwp%2Fv2%2Ftags&post=12485"}],"curies":[{"name":"wp","href":"https:\/\/api.w.org\/{rel}","templated":true}]}}