{"id":12504,"date":"2021-05-07T21:53:35","date_gmt":"2021-05-07T21:53:35","guid":{"rendered":"https:\/\/arroyitoonline.com.ar\/?p=12504"},"modified":"2021-05-07T21:57:11","modified_gmt":"2021-05-07T21:57:11","slug":"agredieron-a-la-medica-monica-rodriguez-en-el-vacunatorio-del-salon-parroquial","status":"publish","type":"post","link":"https:\/\/arroyitoonline.com.ar\/?p=12504","title":{"rendered":"Agredieron de manera verbal a la m\u00e9dica M\u00f3nica Rodr\u00edguez, en el vacunatorio del Sal\u00f3n Parroquial"},"content":{"rendered":"\n<p><strong>Un hombre de 40 a\u00f1os insult\u00f3 a los gritos a la Infect\u00f3loga, por un error en el registro manuscrito del carnet de vacunaci\u00f3n de su madre. <\/strong><\/p>\n\n\n\n<p>Una ins\u00f3lita situaci\u00f3n se desencaden\u00f3 esta ma\u00f1ana, en el Sal\u00f3n Parroquial de nuestra ciudad. All\u00ed, sin mayores sobresaltos desde hace tres meses, funciona el vacunatorio contra el covid-19 y la gripe. En la jornada de hoy, esta calma se vio interrumpida por un hecho repudiable, por donde se lo analice. <\/p>\n\n\n\n<p>Es que, en plena marat\u00f3n de colocaci\u00f3n de primeras dosis de Sputnik V y segundas de Sinopharm, le toc\u00f3 el turno a una adulta mayor acompa\u00f1ada por su nuera. En el carnet figuraba que la se\u00f1ora hab\u00eda sido inoculada con Sputnik. Pero, cuando lleg\u00f3 el momento de colocarle la segunda dosis, en el sistema se informaba que, en realidad, hab\u00eda recibido la primera dosis de Sinopharm.<\/p>\n\n\n\n<p>En este contexto, fue la m\u00e9dica Infect\u00f3loga M\u00f3nica Rodr\u00edguez, referente del \u00e1rea de Inmunolog\u00eda del Gobierno Municipal, quien les explic\u00f3 el error cometido. La persona que hab\u00eda hecho el registro manuscrito en aquella oportunidad, se hab\u00eda equivocado de laboratorio, pero la vacuna puesta era la que aparec\u00eda en el Sistema. <\/p>\n\n\n\n<p>Las palabras de la doctora no hicieron m\u00e1s que desatar la ira de la nuera de la se\u00f1ora, a la que se sum\u00f3 su marido -hijo de la mujer-, quienes insultaron y estuvieron cerca de la agresi\u00f3n f\u00edsica contra Rodr\u00edguez, separada por personal de Salud presente en el lugar. <\/p>\n\n\n\n<p>Fueron instantes de fuertes gritos con alto contenido violento, por parte de este masculino de alrededor de 40 a\u00f1os. El hecho ya fue denunciado por la v\u00edctima en la Unidad Judicial local, desde donde se inform\u00f3 que trabajan en el caso. <\/p>\n\n\n\n<p><strong>Repudio<\/strong><\/p>\n\n\n\n<p>El Gobierno Municipal, a trav\u00e9s del intendente Gustavo Benedetti y de la viceintendenta Mar\u00eda Jos\u00e9 Esp\u00f3sito <em>&#8220;rechazan absolutamente el hecho de agresi\u00f3n ocurrido hoy contra la Dra. M\u00f3nica Rodr\u00edguez, Epidemi\u00f3loga de la ciudad y referente de Inmunolog\u00eda de la Provincia de C\u00f3rdoba, en el vacunatorio local&#8221;<\/em>.<\/p>\n\n\n\n<p>En la actualidad, el \u00e1rea de Inmunolog\u00eda local, se encuentra colocando dosis contra el covid-19 y contra la gripe,&nbsp;<strong>seg\u00fan su disponibilidad.&nbsp;<\/strong>El vacunatorio contra el coronavirus funciona en el Sal\u00f3n Parroquial de nuestra ciudad, con<strong>&nbsp;turnos que son determinados por el Gobierno de la Provincia.<\/strong><\/p>\n\n\n\n<p>Adem\u00e1s, reiteran a la poblaci\u00f3n, que<strong>&nbsp;el Ministerio de Salud de C\u00f3rdoba env\u00eda vacunas con una lista de personas a vacunarse, con nombre y apellido y, al mismo tiempo, el propio Ministerio avisa a los vecinos (por tel\u00e9fono o e-mail) sobre la fecha y el horario del turno.<\/strong>&nbsp;Por esta raz\u00f3n,&nbsp;<strong>el Municipio y todo su personal de Salud realizan solo el procedimiento de aplicaci\u00f3n de las dosis<\/strong>, pero<strong>&nbsp;no puede intervenir en quien las recibe.<\/strong><\/p>\n\n\n\n<p>Por \u00faltimo, alientan a la poblaci\u00f3n a que se informe sobre el procedimiento de la obtenci\u00f3n de su vacuna y los&nbsp;<strong>mecanismos explicados en la p\u00e1gina web para tal fin:&nbsp;<a href=\"https:\/\/vacunacioncovid19.cba.gov.ar\/\">https:\/\/vacunacioncovid19.cba.gov.ar<\/a>\/, que se inscriba y que aguarde ser llamado.<\/strong><\/p>\n","protected":false},"excerpt":{"rendered":"<p>Un hombre de 40 a\u00f1os insult\u00f3 a los gritos a la Infect\u00f3loga, por un error en el registro manuscrito del&hellip;<\/p>\n","protected":false},"author":3,"featured_media":12505,"comment_status":"closed","ping_status":"open","sticky":false,"template":"","format":"standard","meta":{"footnotes":""},"categories":[824],"tags":[66,67,836,1108,1152,572,637,638,825,706,1219],"class_list":["post-12504","post","type-post","status-publish","format-standard","has-post-thumbnail","hentry","category-policiales-online","tag-arroyito","tag-arroyito-cordoba","tag-arroyito-online","tag-coronavirus","tag-covid-19","tag-noticias-de-arroyito-y-zona","tag-policiales","tag-policiales-arroyito","tag-policiales-online","tag-salud","tag-vacunacion-covid-19"],"_links":{"self":[{"href":"https:\/\/arroyitoonline.com.ar\/index.php?rest_route=\/wp\/v2\/posts\/12504","targetHints":{"allow":["GET"]}}],"collection":[{"href":"https:\/\/arroyitoonline.com.ar\/index.php?rest_route=\/wp\/v2\/posts"}],"about":[{"href":"https:\/\/arroyitoonline.com.ar\/index.php?rest_route=\/wp\/v2\/types\/post"}],"author":[{"embeddable":true,"href":"https:\/\/arroyitoonline.com.ar\/index.php?rest_route=\/wp\/v2\/users\/3"}],"replies":[{"embeddable":true,"href":"https:\/\/arroyitoonline.com.ar\/index.php?rest_route=%2Fwp%2Fv2%2Fcomments&post=12504"}],"version-history":[{"count":3,"href":"https:\/\/arroyitoonline.com.ar\/index.php?rest_route=\/wp\/v2\/posts\/12504\/revisions"}],"predecessor-version":[{"id":12508,"href":"https:\/\/arroyitoonline.com.ar\/index.php?rest_route=\/wp\/v2\/posts\/12504\/revisions\/12508"}],"wp:featuredmedia":[{"embeddable":true,"href":"https:\/\/arroyitoonline.com.ar\/index.php?rest_route=\/wp\/v2\/media\/12505"}],"wp:attachment":[{"href":"https:\/\/arroyitoonline.com.ar\/index.php?rest_route=%2Fwp%2Fv2%2Fmedia&parent=12504"}],"wp:term":[{"taxonomy":"category","embeddable":true,"href":"https:\/\/arroyitoonline.com.ar\/index.php?rest_route=%2Fwp%2Fv2%2Fcategories&post=12504"},{"taxonomy":"post_tag","embeddable":true,"href":"https:\/\/arroyitoonline.com.ar\/index.php?rest_route=%2Fwp%2Fv2%2Ftags&post=12504"}],"curies":[{"name":"wp","href":"https:\/\/api.w.org\/{rel}","templated":true}]}}