{"id":12509,"date":"2021-05-08T03:21:34","date_gmt":"2021-05-08T03:21:34","guid":{"rendered":"https:\/\/arroyitoonline.com.ar\/?p=12509"},"modified":"2021-05-08T03:21:38","modified_gmt":"2021-05-08T03:21:38","slug":"covid-19-en-arroyito-fallecieron-dos-hombres-de-65-y-72-anos","status":"publish","type":"post","link":"https:\/\/arroyitoonline.com.ar\/?p=12509","title":{"rendered":"Covid-19 en Arroyito: fallecieron dos hombres de 65 y 72 a\u00f1os"},"content":{"rendered":"\n<p><strong>Hasta el momento, son 47 los decesos en el \u00e1mbito local, vinculados a la pandemia coronavirus.<\/strong><\/p>\n\n\n\n<p>En 48 horas se produjeron los fallecimientos de dos pacientes de Arroyito con covid-19. El jueves muri\u00f3 un hombre de 65 a\u00f1os, que se encontraba internado en el Hospital Municipal Carlos J. Rodr\u00edguez. En tanto que ayer falleci\u00f3 el otro, de 72 a\u00f1os, quien permanec\u00eda hospitalizado en la ciudad de C\u00f3rdoba. Hasta el momento, son 47 los decesos en el \u00e1mbito local, vinculados a la pandemia coronavirus.<\/p>\n\n\n\n<p>Adem\u00e1s, seg\u00fan lo inform\u00f3 el CEA, ayer se registraron 39 nuevos casos de covid-19 en Arroyito (32 resultantes del testeo masivo en la Iglesia de la Gracia), elevando la cifra total a 156 positivos activos.<\/p>\n\n\n\n<p>Este viernes se recuperaron seis personas recibiendo alta m\u00e9dica. El n\u00famero de pacientes recuperados hasta el momento es de 1802.<\/p>\n\n\n\n<p>Desde que comenz\u00f3 la emergencia sanitaria se contabiliza un total de 2005 casos (sumando los actuales activos, recuperados y 47 decesos).<\/p>\n\n\n\n<p>Lavado de manos, distancia social y uso de barbijo siguen siendo fundamentales para evitar el ascenso de casos.<\/p>\n\n\n\n<p>\u201cDebemos continuar aplanando la curva de contagios por la salud de nuestra comunidad\u201d, indicaron desde el Gobierno Municipal.<\/p>\n","protected":false},"excerpt":{"rendered":"<p>Hasta el momento, son 47 los decesos en el \u00e1mbito local, vinculados a la pandemia coronavirus. En 48 horas se&hellip;<\/p>\n","protected":false},"author":3,"featured_media":7160,"comment_status":"closed","ping_status":"open","sticky":false,"template":"","format":"standard","meta":{"footnotes":""},"categories":[9],"tags":[66,67,836,1149,1108,1152,1102,1160,426,1177,548,572],"class_list":["post-12509","post","type-post","status-publish","format-standard","has-post-thumbnail","hentry","category-infosalud","tag-arroyito","tag-arroyito-cordoba","tag-arroyito-online","tag-centro-de-emergencias-de-arroyito","tag-coronavirus","tag-covid-19","tag-gobierno-municipal","tag-hisopados","tag-hospital","tag-hospital-municipal-carlos-j-rodriguez","tag-muerte","tag-noticias-de-arroyito-y-zona"],"_links":{"self":[{"href":"https:\/\/arroyitoonline.com.ar\/index.php?rest_route=\/wp\/v2\/posts\/12509","targetHints":{"allow":["GET"]}}],"collection":[{"href":"https:\/\/arroyitoonline.com.ar\/index.php?rest_route=\/wp\/v2\/posts"}],"about":[{"href":"https:\/\/arroyitoonline.com.ar\/index.php?rest_route=\/wp\/v2\/types\/post"}],"author":[{"embeddable":true,"href":"https:\/\/arroyitoonline.com.ar\/index.php?rest_route=\/wp\/v2\/users\/3"}],"replies":[{"embeddable":true,"href":"https:\/\/arroyitoonline.com.ar\/index.php?rest_route=%2Fwp%2Fv2%2Fcomments&post=12509"}],"version-history":[{"count":1,"href":"https:\/\/arroyitoonline.com.ar\/index.php?rest_route=\/wp\/v2\/posts\/12509\/revisions"}],"predecessor-version":[{"id":12510,"href":"https:\/\/arroyitoonline.com.ar\/index.php?rest_route=\/wp\/v2\/posts\/12509\/revisions\/12510"}],"wp:featuredmedia":[{"embeddable":true,"href":"https:\/\/arroyitoonline.com.ar\/index.php?rest_route=\/wp\/v2\/media\/7160"}],"wp:attachment":[{"href":"https:\/\/arroyitoonline.com.ar\/index.php?rest_route=%2Fwp%2Fv2%2Fmedia&parent=12509"}],"wp:term":[{"taxonomy":"category","embeddable":true,"href":"https:\/\/arroyitoonline.com.ar\/index.php?rest_route=%2Fwp%2Fv2%2Fcategories&post=12509"},{"taxonomy":"post_tag","embeddable":true,"href":"https:\/\/arroyitoonline.com.ar\/index.php?rest_route=%2Fwp%2Fv2%2Ftags&post=12509"}],"curies":[{"name":"wp","href":"https:\/\/api.w.org\/{rel}","templated":true}]}}