{"id":12513,"date":"2021-05-09T00:52:27","date_gmt":"2021-05-09T00:52:27","guid":{"rendered":"https:\/\/arroyitoonline.com.ar\/?p=12513"},"modified":"2021-05-09T00:52:28","modified_gmt":"2021-05-09T00:52:28","slug":"covid-19-en-arroyito-fallecio-un-hombre-91-anos","status":"publish","type":"post","link":"https:\/\/arroyitoonline.com.ar\/?p=12513","title":{"rendered":"Covid-19 en Arroyito: falleci\u00f3 un hombre 91 a\u00f1os"},"content":{"rendered":"\n<p><strong>Hasta el momento, son 48 los decesos en el \u00e1mbito local, vinculados a la pandemia coronavirus.<\/strong><\/p>\n\n\n\n<p>Hoy se produjo el fallecimiento de otro paciente de Arroyito con covid-19. Se trata de un hombre de 91 a\u00f1os, que se encontraba internado en la Cl\u00ednica Regional de nuestra ciudad. Hasta el momento, son 48 los decesos en el \u00e1mbito local, vinculados a la pandemia coronavirus.<\/p>\n\n\n\n<p>Adem\u00e1s, seg\u00fan lo inform\u00f3 el CEA, ayer se registraron 14 nuevos casos de covid-19 en Arroyito, elevando la cifra total a 161 positivos activos.<\/p>\n\n\n\n<p>Este s\u00e1bado se recuperaron ocho personas recibiendo alta m\u00e9dica. El n\u00famero de pacientes recuperados hasta el momento es de 1810.<br>Desde que comenz\u00f3 la emergencia sanitaria se contabiliza un total de 2019 casos (sumando los actuales activos, recuperados y 48 decesos).<\/p>\n\n\n\n<p>Lavado de manos, distancia social y uso de barbijo siguen siendo fundamentales para evitar el ascenso de casos.<\/p>\n\n\n\n<p>\u201cDebemos continuar aplanando la curva de contagios por la salud de nuestra comunidad\u201d, indicaron desde el Gobierno Municipal.<\/p>\n","protected":false},"excerpt":{"rendered":"<p>Hasta el momento, son 48 los decesos en el \u00e1mbito local, vinculados a la pandemia coronavirus. Hoy se produjo el&hellip;<\/p>\n","protected":false},"author":3,"featured_media":11634,"comment_status":"closed","ping_status":"open","sticky":false,"template":"","format":"standard","meta":{"footnotes":""},"categories":[9],"tags":[66,67,836,1149,1114,1108,1152,1160,548,572],"class_list":["post-12513","post","type-post","status-publish","format-standard","has-post-thumbnail","hentry","category-infosalud","tag-arroyito","tag-arroyito-cordoba","tag-arroyito-online","tag-centro-de-emergencias-de-arroyito","tag-clinica-regional","tag-coronavirus","tag-covid-19","tag-hisopados","tag-muerte","tag-noticias-de-arroyito-y-zona"],"_links":{"self":[{"href":"https:\/\/arroyitoonline.com.ar\/index.php?rest_route=\/wp\/v2\/posts\/12513","targetHints":{"allow":["GET"]}}],"collection":[{"href":"https:\/\/arroyitoonline.com.ar\/index.php?rest_route=\/wp\/v2\/posts"}],"about":[{"href":"https:\/\/arroyitoonline.com.ar\/index.php?rest_route=\/wp\/v2\/types\/post"}],"author":[{"embeddable":true,"href":"https:\/\/arroyitoonline.com.ar\/index.php?rest_route=\/wp\/v2\/users\/3"}],"replies":[{"embeddable":true,"href":"https:\/\/arroyitoonline.com.ar\/index.php?rest_route=%2Fwp%2Fv2%2Fcomments&post=12513"}],"version-history":[{"count":1,"href":"https:\/\/arroyitoonline.com.ar\/index.php?rest_route=\/wp\/v2\/posts\/12513\/revisions"}],"predecessor-version":[{"id":12514,"href":"https:\/\/arroyitoonline.com.ar\/index.php?rest_route=\/wp\/v2\/posts\/12513\/revisions\/12514"}],"wp:featuredmedia":[{"embeddable":true,"href":"https:\/\/arroyitoonline.com.ar\/index.php?rest_route=\/wp\/v2\/media\/11634"}],"wp:attachment":[{"href":"https:\/\/arroyitoonline.com.ar\/index.php?rest_route=%2Fwp%2Fv2%2Fmedia&parent=12513"}],"wp:term":[{"taxonomy":"category","embeddable":true,"href":"https:\/\/arroyitoonline.com.ar\/index.php?rest_route=%2Fwp%2Fv2%2Fcategories&post=12513"},{"taxonomy":"post_tag","embeddable":true,"href":"https:\/\/arroyitoonline.com.ar\/index.php?rest_route=%2Fwp%2Fv2%2Ftags&post=12513"}],"curies":[{"name":"wp","href":"https:\/\/api.w.org\/{rel}","templated":true}]}}