{"id":12517,"date":"2021-05-09T18:51:52","date_gmt":"2021-05-09T18:51:52","guid":{"rendered":"https:\/\/arroyitoonline.com.ar\/?p=12517"},"modified":"2021-05-10T13:23:45","modified_gmt":"2021-05-10T13:23:45","slug":"fue-sorprendida-por-dos-jovenes-que-le-sacaron-la-cartera-del-canasto-de-la-bicicleta","status":"publish","type":"post","link":"https:\/\/arroyitoonline.com.ar\/?p=12517","title":{"rendered":"Fue sorprendida por dos j\u00f3venes que le sacaron la cartera del canasto de la bicicleta"},"content":{"rendered":"\n<p><strong>El hecho le ocurri\u00f3 a una se\u00f1ora de 56 a\u00f1os, que andaba en inmediaciones a la Plaza de los Homenajes.<\/strong><\/p>\n\n\n\n<p>A las 20:30 horas de este s\u00e1bado, se hizo presente en la Unidad Judicial una mujer de 56 a\u00f1os.<\/p>\n\n\n\n<p>La se\u00f1ora denuncio que, momentos antes, mientras circulaba en su bicicleta por inmediaciones de la Plaza de Los Homenajes, en la intersecci\u00f3n de las calles Rosalino Cuello e Isa\u00edas Vargas, se le apersonaron dos j\u00f3venes a bordo de una moto tipo Honda Tit\u00e1n 150 cc de color oscuro.<\/p>\n\n\n\n<p>Sin mediar palabra, los sujetos le sustrajeron del canasto del rodado, una cartera de color negro, la que conten\u00eda en su interior documentaci\u00f3n variada, dinero en efectivo y un tel\u00e9fono celular marca Samsung.<\/p>\n\n\n\n<p>Se iniciaron las actuaciones sumariales con conocimiento e intervenci\u00f3n de la Fiscal\u00eda de Instrucci\u00f3n de nuestra ciudad.<\/p>\n\n\n\n<p>Fuente: secci\u00f3n Prensa UR Departamental San Justo. <\/p>\n","protected":false},"excerpt":{"rendered":"<p>El hecho le ocurri\u00f3 a una se\u00f1ora de 56 a\u00f1os, que andaba en inmediaciones a la Plaza de los Homenajes.&hellip;<\/p>\n","protected":false},"author":3,"featured_media":8331,"comment_status":"closed","ping_status":"open","sticky":false,"template":"","format":"standard","meta":{"footnotes":""},"categories":[824],"tags":[66,67,836,572,1222,635,637,638,825,693],"class_list":["post-12517","post","type-post","status-publish","format-standard","has-post-thumbnail","hentry","category-policiales-online","tag-arroyito","tag-arroyito-cordoba","tag-arroyito-online","tag-noticias-de-arroyito-y-zona","tag-plaza-de-los-homenajes","tag-policia","tag-policiales","tag-policiales-arroyito","tag-policiales-online","tag-robo"],"_links":{"self":[{"href":"https:\/\/arroyitoonline.com.ar\/index.php?rest_route=\/wp\/v2\/posts\/12517","targetHints":{"allow":["GET"]}}],"collection":[{"href":"https:\/\/arroyitoonline.com.ar\/index.php?rest_route=\/wp\/v2\/posts"}],"about":[{"href":"https:\/\/arroyitoonline.com.ar\/index.php?rest_route=\/wp\/v2\/types\/post"}],"author":[{"embeddable":true,"href":"https:\/\/arroyitoonline.com.ar\/index.php?rest_route=\/wp\/v2\/users\/3"}],"replies":[{"embeddable":true,"href":"https:\/\/arroyitoonline.com.ar\/index.php?rest_route=%2Fwp%2Fv2%2Fcomments&post=12517"}],"version-history":[{"count":3,"href":"https:\/\/arroyitoonline.com.ar\/index.php?rest_route=\/wp\/v2\/posts\/12517\/revisions"}],"predecessor-version":[{"id":12530,"href":"https:\/\/arroyitoonline.com.ar\/index.php?rest_route=\/wp\/v2\/posts\/12517\/revisions\/12530"}],"wp:featuredmedia":[{"embeddable":true,"href":"https:\/\/arroyitoonline.com.ar\/index.php?rest_route=\/wp\/v2\/media\/8331"}],"wp:attachment":[{"href":"https:\/\/arroyitoonline.com.ar\/index.php?rest_route=%2Fwp%2Fv2%2Fmedia&parent=12517"}],"wp:term":[{"taxonomy":"category","embeddable":true,"href":"https:\/\/arroyitoonline.com.ar\/index.php?rest_route=%2Fwp%2Fv2%2Fcategories&post=12517"},{"taxonomy":"post_tag","embeddable":true,"href":"https:\/\/arroyitoonline.com.ar\/index.php?rest_route=%2Fwp%2Fv2%2Ftags&post=12517"}],"curies":[{"name":"wp","href":"https:\/\/api.w.org\/{rel}","templated":true}]}}